{"id":10150,"date":"2022-08-12T17:09:47","date_gmt":"2022-08-12T22:09:47","guid":{"rendered":"https:\/\/educacion.utp.edu.co\/ciencias-de-la-educacion\/?p=10150"},"modified":"2025-01-22T16:08:13","modified_gmt":"2025-01-22T21:08:13","slug":"grupos-de-investigacion-2","status":"publish","type":"post","link":"https:\/\/educacion.utp.edu.co\/doctorado-en-ciencias-de-la-educacion\/sin-categoria\/grupos-de-investigacion-2\/","title":{"rendered":"Grupos de Investigaci\u00f3n"},"content":{"rendered":"\n<figure class=\"wp-block-image size-full\"><img loading=\"lazy\" decoding=\"async\" width=\"2000\" height=\"300\" src=\"https:\/\/media2.utp.edu.co\/programas\/53\/linea-de-investigacion-5.png\" alt=\"\" class=\"wp-image-10454\" \/><\/figure>\n\n\n\n<figure class=\"wp-block-table is-style-stripes\"><table><tbody><tr><td><strong>Grupo de Investigaci\u00f3n<\/strong><\/td><td><strong>Integrantes<\/strong><\/td><td><strong>MinCiencias<\/strong><\/td><td><strong>Categor\u00eda<\/strong><\/td><\/tr><tr><td>Comunicaci\u00f3n Educativa<\/td><td>Olga Luc\u00eda Bedoya<\/td><td>Reconocido<\/td><td>A<\/td><\/tr><tr><td>Filosof\u00eda Postmetaf\u00edsica y escepticismo<br><\/td><td>Alfredo Abad, Consuelo Orozco Giraldo, Juli\u00e1n Serna Arango<\/td><td>Reconocido <\/td><td>A1<\/td><\/tr><tr><td>Estudios Pol\u00edticos y Jur\u00eddicos<\/td><td>\u00c1lvaro D\u00edaz G\u00f3mez, Miguel \u00c1ngel Puentes Castro<\/td><td>Reconocido<\/td><td>A<\/td><\/tr><tr><td>Artnovus<\/td><td>Kathya Ximena Bonilla Rojas, Consuelo Orozco Giraldo, Juan Humberto Gallego Ram\u00edrez<\/td><td>Reconocido<\/td><td>&#8212;&#8212;<\/td><\/tr><tr><td>Educaci\u00f3n y Tecnolog\u00eda<\/td><td>Martha Cecilia Arbel\u00e1ez G\u00f3mez<\/td><td>Reconocido<\/td><td>B<\/td><\/tr><tr><td>Estudios del Lenguaje y la Educaci\u00f3n<\/td><td>Mireya Cisneros Estupi\u00f1\u00e1n<\/td><td>Reconocido<\/td><td>A1<\/td><\/tr><tr><td>Estudios regionales sobre Literatura y Cultura<\/td><td>Rigoberto Gil Montoya<\/td><td>Reconocido<\/td><td>A<\/td><\/tr><\/tbody><\/table><\/figure>\n\n\n\n<p><span class=\"post-content__span\"> <\/p>\n","protected":false},"excerpt":{"rendered":"<p>Grupo de Investigaci\u00f3n Integrantes MinCiencias Categor\u00eda Comunicaci\u00f3n Educativa Olga Luc\u00eda Bedoya Reconocido A Filosof\u00eda Postmetaf\u00edsica y escepticismo Alfredo Abad, Consuelo Orozco Giraldo, Juli\u00e1n Serna Arango Reconocido A1 Estudios Pol\u00edticos y [&#8230;]<\/p>\n","protected":false},"author":1,"featured_media":0,"comment_status":"open","ping_status":"open","sticky":false,"template":"","format":"standard","meta":{"footnotes":""},"categories":[1],"tags":[],"class_list":["post-10150","post","type-post","status-publish","format-standard","hentry","category-sin-categoria"],"_links":{"self":[{"href":"https:\/\/educacion.utp.edu.co\/doctorado-en-ciencias-de-la-educacion\/wp-json\/wp\/v2\/posts\/10150","targetHints":{"allow":["GET"]}}],"collection":[{"href":"https:\/\/educacion.utp.edu.co\/doctorado-en-ciencias-de-la-educacion\/wp-json\/wp\/v2\/posts"}],"about":[{"href":"https:\/\/educacion.utp.edu.co\/doctorado-en-ciencias-de-la-educacion\/wp-json\/wp\/v2\/types\/post"}],"author":[{"embeddable":true,"href":"https:\/\/educacion.utp.edu.co\/doctorado-en-ciencias-de-la-educacion\/wp-json\/wp\/v2\/users\/1"}],"replies":[{"embeddable":true,"href":"https:\/\/educacion.utp.edu.co\/doctorado-en-ciencias-de-la-educacion\/wp-json\/wp\/v2\/comments?post=10150"}],"version-history":[{"count":8,"href":"https:\/\/educacion.utp.edu.co\/doctorado-en-ciencias-de-la-educacion\/wp-json\/wp\/v2\/posts\/10150\/revisions"}],"predecessor-version":[{"id":10536,"href":"https:\/\/educacion.utp.edu.co\/doctorado-en-ciencias-de-la-educacion\/wp-json\/wp\/v2\/posts\/10150\/revisions\/10536"}],"wp:attachment":[{"href":"https:\/\/educacion.utp.edu.co\/doctorado-en-ciencias-de-la-educacion\/wp-json\/wp\/v2\/media?parent=10150"}],"wp:term":[{"taxonomy":"category","embeddable":true,"href":"https:\/\/educacion.utp.edu.co\/doctorado-en-ciencias-de-la-educacion\/wp-json\/wp\/v2\/categories?post=10150"},{"taxonomy":"post_tag","embeddable":true,"href":"https:\/\/educacion.utp.edu.co\/doctorado-en-ciencias-de-la-educacion\/wp-json\/wp\/v2\/tags?post=10150"}],"curies":[{"name":"wp","href":"https:\/\/api.w.org\/{rel}","templated":true}]}}