{"id":24,"date":"2018-06-01T14:00:12","date_gmt":"2018-06-01T19:00:12","guid":{"rendered":"https:\/\/educacion.utp.edu.co\/ciencias-de-la-educacion\/2018\/06\/01\/resultados-de-aprendizaje\/"},"modified":"2025-01-24T11:41:13","modified_gmt":"2025-01-24T16:41:13","slug":"docentes-del-programa","status":"publish","type":"post","link":"https:\/\/educacion.utp.edu.co\/doctorado-en-ciencias-de-la-educacion\/sin-categoria\/docentes-del-programa\/","title":{"rendered":"Docentes del Programa"},"content":{"rendered":"\n<figure class=\"wp-block-image size-full\"><img loading=\"lazy\" decoding=\"async\" width=\"2000\" height=\"300\" src=\"https:\/\/media2.utp.edu.co\/programas\/53\/linea-de-investigacion-2.png\" alt=\"\" class=\"wp-image-10448\" \/><\/figure>\n\n\n\n<figure class=\"wp-block-table table table-striped my_table is-style-stripes\"><table><thead><tr><th>DOCENTES<\/th><th>T\u00cdTULO PROFESIONAL<\/th><th>CORREO<\/th><th>Cvlac<\/th><\/tr><\/thead><tbody><tr><td>Juli\u00e1n Serna Arango<\/td><td>Licenciado en Filosof\u00eda, Doctor en Filosof\u00eda<\/td><td>\n<p dir=\"ltr\">julserna@utp.edu.co<\/p>\n<\/td><td><a href=\"https:\/\/scienti.minciencias.gov.co\/cvlac\/visualizador\/generarCurriculoCv.do?cod_rh=0000058300\" target=\"_blank\" rel=\"noreferrer noopener\">Cvlac<\/a><\/td><\/tr><tr><td>Consuelo Orozco Giraldo<\/td><td>Licenciada en pedagog\u00eda infantil, Mag\u00edster en Comunicaci\u00f3n Educativa, Doctora en Ciencias de la Educaci\u00f3n<\/td><td>consuelorozco@utp.edu.co<\/td><td><a href=\"https:\/\/scienti.minciencias.gov.co\/cvlac\/visualizador\/generarCurriculoCv.do?cod_rh=0001385976\">Cvlac<\/a><\/td><\/tr><tr><td>\u00c1lvaro D\u00edaz G\u00f3mez<\/td><td> <p dir=\"ltr\">Psic\u00f3logo, Mag\u00edster en Psicolog\u00eda Comunitaria, Mag\u00edster en Educaci\u00f3n, Mag\u00edster en Filosof\u00eda, Doctor en Ciencias Sociales \u2013 Ni\u00f1ez y Juventud<\/p> <\/td><td>adiaz@utp.edu.co<\/td><td><a href=\"https:\/\/scienti.minciencias.gov.co\/cvlac\/visualizador\/generarCurriculoCv.do?cod_rh=0000068152\" rel=\"nofollow\">Cvlac<\/a><\/td><\/tr><tr><td>Alfredo Abad<\/td><td>Licenciado en Filosof\u00eda, Mag\u00edster en Literatura, Doctor en Filosof\u00eda<\/td><td>alfredoabad@utp.edu.co<\/td><td><a href=\"https:\/\/scienti.minciencias.gov.co\/cvlac\/visualizador\/generarCurriculoCv.do?cod_rh=0000675040\">Cvlac<\/a><\/td><\/tr><\/tbody><\/table><\/figure>\n\n\n\n<figure class=\"wp-block-image size-full\"><img loading=\"lazy\" decoding=\"async\" width=\"2000\" height=\"300\" src=\"https:\/\/media2.utp.edu.co\/programas\/53\/linea-de-investigacion-3.png\" alt=\"\" class=\"wp-image-10450\" \/><\/figure>\n\n\n\n<figure class=\"wp-block-table my_table table table-striped is-style-stripes\"><table><thead><tr><th>DOCENTES<\/th><th>T\u00cdTULO PROFESIONAL<\/th><th>CORREO<\/th><th>Cvlac<\/th><\/tr><\/thead><tbody><tr><td>Javier Gracia Caland\u00edn &#8211; Universidad de Valencia (Espa\u00f1a)<\/td><td>Licenciado en Filosof\u00eda, Doctor en Filosof\u00eda<\/td><td>&#8212;&#8211;<\/td><td>&#8212;&#8211;<\/td><\/tr><tr><td>Jos\u00e9 Rubens Lima Jardilino &#8211; Universidad Federal de Ouro Preto (Brasil)<\/td><td>Fil\u00f3sofo, Mag\u00edster en Ciencias religiosas, Doctor en Ciencias Sociales<\/td><td>&#8212;&#8211;<\/td><td><a href=\"https:\/\/scienti.minciencias.gov.co\/cvlac\/visualizador\/generarCurriculoCv.do?cod_rh=0000140988\">Cvlac<\/a><\/td><\/tr><tr><td>Marcelo Donizete Da Silva &#8211; Universidad Federal de Ouro Preto (Brasil)<\/td><td>Licenciado en Filosof\u00eda, Mag\u00edster en Educaci\u00f3n, Doctor en Educaci\u00f3n<\/td><td>&#8212;&#8211;<\/td><td>&#8212;&#8211;<\/td><\/tr><tr><td>Daniel Gray Wilson &#8211; Universidad de Harvard (Estados Unidos)<\/td><td>Director Proyecto Cero &#8211; Escuela de Graduados en Educaci\u00f3n de la Universidad de Harvard<\/td><td>&#8212;&#8211;<\/td><td>&#8212;&#8211;<\/td><\/tr><tr><td>Paul Harris &#8211; Universidad de Harvard (Estados Unidos)<\/td><td>Doctor en Psicolog\u00eda<\/td><td>&#8212;&#8211;<\/td><td>&#8212;&#8211;<\/td><\/tr><tr><td>Maung Nyeu &#8211; Universidad de Harvard (Estados Unidos)<\/td><td>Asesor de la Organizaci\u00f3n de las Naciones Unidas para la Educaci\u00f3n, la Ciencia y la Cultura en cuestiones ind\u00edgenas<\/td><td>&#8212;&#8211;<\/td><td>&#8212;&#8211;<\/td><\/tr><tr><td>Agust\u00edn Aduriz Bravo &#8211; Universidad de Buenos Aires (Argentina)<\/td><td>Docente e investigador en el Centro de Formaci\u00f3n e Investigaci\u00f3n en Ense\u00f1anza de las Ciencias (CeFIEC) de la Facultad de Ciencias Exactas y Naturales de la Universidad de Buenos Aires<\/td><td>&#8212;&#8211;<\/td><td>&#8212;&#8211;<\/td><\/tr><tr><td>Rafael Patrocinio Alarc\u00f3n Velandia<\/td><td>M\u00e9dico, Especialista en Psiquiatr\u00eda, Especialista en demencias, Mag\u00edster en Literatura, Psicogeriatr\u00eda y Salud P\u00fablica, Doctor en Literatura<\/td><td>alarcon@utp.edu.co<\/td><td><a href=\"https:\/\/scienti.minciencias.gov.co\/cvlac\/visualizador\/generarCurriculoCv.do?cod_rh=0000150185\">Cvlac<\/a><\/td><\/tr><tr><td>Mary Helen Immordino-Yang<\/td><td>Doctora en Educaci\u00f3n por la Universidad de Harvard), catedr\u00e1tica Fahmy y Donna Attallah de Psicolog\u00eda Human\u00edstica, es profesora de Educaci\u00f3n, Psicolog\u00eda y Neurociencia en la Universidad del Sur de California y directora fundadora del Centro de Neurociencia Afectiva, Desarrollo, Aprendizaje y Educaci\u00f3n de la USC (candle.usc.edu)<\/td><td>&#8212;&#8211;<\/td><td>&#8212;&#8211;<\/td><\/tr><\/tbody><\/table><\/figure>\n","protected":false},"excerpt":{"rendered":"<p>DOCENTES T\u00cdTULO PROFESIONAL CORREO Cvlac Juli\u00e1n Serna Arango Licenciado en Filosof\u00eda, Doctor en Filosof\u00eda julserna@utp.edu.co Cvlac Consuelo Orozco Giraldo Licenciada en pedagog\u00eda infantil, Mag\u00edster en Comunicaci\u00f3n Educativa, Doctora en Ciencias [&#8230;]<\/p>\n","protected":false},"author":62,"featured_media":0,"comment_status":"closed","ping_status":"closed","sticky":false,"template":"","format":"standard","meta":{"footnotes":""},"categories":[1],"tags":[],"class_list":["post-24","post","type-post","status-publish","format-standard","hentry","category-sin-categoria"],"_links":{"self":[{"href":"https:\/\/educacion.utp.edu.co\/doctorado-en-ciencias-de-la-educacion\/wp-json\/wp\/v2\/posts\/24","targetHints":{"allow":["GET"]}}],"collection":[{"href":"https:\/\/educacion.utp.edu.co\/doctorado-en-ciencias-de-la-educacion\/wp-json\/wp\/v2\/posts"}],"about":[{"href":"https:\/\/educacion.utp.edu.co\/doctorado-en-ciencias-de-la-educacion\/wp-json\/wp\/v2\/types\/post"}],"author":[{"embeddable":true,"href":"https:\/\/educacion.utp.edu.co\/doctorado-en-ciencias-de-la-educacion\/wp-json\/wp\/v2\/users\/62"}],"replies":[{"embeddable":true,"href":"https:\/\/educacion.utp.edu.co\/doctorado-en-ciencias-de-la-educacion\/wp-json\/wp\/v2\/comments?post=24"}],"version-history":[{"count":12,"href":"https:\/\/educacion.utp.edu.co\/doctorado-en-ciencias-de-la-educacion\/wp-json\/wp\/v2\/posts\/24\/revisions"}],"predecessor-version":[{"id":10540,"href":"https:\/\/educacion.utp.edu.co\/doctorado-en-ciencias-de-la-educacion\/wp-json\/wp\/v2\/posts\/24\/revisions\/10540"}],"wp:attachment":[{"href":"https:\/\/educacion.utp.edu.co\/doctorado-en-ciencias-de-la-educacion\/wp-json\/wp\/v2\/media?parent=24"}],"wp:term":[{"taxonomy":"category","embeddable":true,"href":"https:\/\/educacion.utp.edu.co\/doctorado-en-ciencias-de-la-educacion\/wp-json\/wp\/v2\/categories?post=24"},{"taxonomy":"post_tag","embeddable":true,"href":"https:\/\/educacion.utp.edu.co\/doctorado-en-ciencias-de-la-educacion\/wp-json\/wp\/v2\/tags?post=24"}],"curies":[{"name":"wp","href":"https:\/\/api.w.org\/{rel}","templated":true}]}}