{"id":13,"date":"2018-05-07T11:50:35","date_gmt":"2018-05-07T16:50:35","guid":{"rendered":"https:\/\/educacion.utp.edu.co\/didactica\/2018\/05\/07\/objetivos\/"},"modified":"2024-06-12T12:04:30","modified_gmt":"2024-06-12T17:04:30","slug":"objetivos-y-resultados-de-aprendizaje","status":"publish","type":"post","link":"https:\/\/educacion.utp.edu.co\/doctorado-en-didactica\/sin-categoria\/objetivos-y-resultados-de-aprendizaje\/","title":{"rendered":"Objetivos y Resultados de Aprendizaje"},"content":{"rendered":"\n<figure class=\"wp-block-image size-full\"><img loading=\"lazy\" decoding=\"async\" width=\"2000\" height=\"300\" src=\"https:\/\/media2.utp.edu.co\/programas\/54\/image.png\" alt=\"\" class=\"wp-image-10393\" \/><\/figure>\n\n\n\n<p class=\"has-text-align-lefth has-x-large-font-size\" style=\"font-size:42px;font-weight:900;font-family: 'Segoe UI', Tahoma, Geneva, Verdana, sans-serif;text-align: lefth;color: #0197b1\">OBJETIVOS<\/p>\n\n\n\n<p class=\"has-medium-font-size\"><strong>Prop\u00f3sito y objetivos de formaci\u00f3n del programa<\/strong><\/p>\n\n\n\n<p class=\"has-medium-font-size\">El prop\u00f3sito del Doctorado es formar investigadores aut\u00f3nomos y cr\u00edticos en las did\u00e1cticas espec\u00edficas, que aporten a la construcci\u00f3n de conocimiento v\u00e1lido, pertinente e innovador en la ense\u00f1anza, el aprendizaje y la formaci\u00f3n de docentes en los diferentes niveles educativos.<\/p>\n\n\n\n<p class=\"has-medium-font-size\"><strong>Objetivos<\/strong><\/p>\n\n\n\n<ul class=\"has-medium-font-size wp-block-list\">\n<li>Formar investigadores cr\u00edticos, \u00e9ticos, creativos, comprometidos con la generaci\u00f3n de conocimiento para la ense\u00f1anza y el aprendizaje de las did\u00e1cticas espec\u00edficas, desde perspectivas plurales que contribuyan a la construcci\u00f3n de una educaci\u00f3n incluyente.<\/li>\n\n\n\n<li>Formar docentes cr\u00edticos, creativos e innovadores con capacidad para reflexionar y analizar el contexto sociopol\u00edtico y su incidencia en la educaci\u00f3n en una sociedad incierta, en cambio constante.<\/li>\n\n\n\n<li>Desarrollar proyectos de investigaci\u00f3n innovadores te\u00f3rica y metodol\u00f3gicamente, que generen conocimiento \u00fatil para la formaci\u00f3n docente y para la innovaci\u00f3n de las pr\u00e1cticas educativas.<\/li>\n\n\n\n<li>Desarrollar habilidades investigativas y de aprendizaje aut\u00f3nomo en procesos investigativos relacionados con las did\u00e1cticas espec\u00edficas y la formaci\u00f3n docente en estos campos.<\/li>\n\n\n\n<li>Aportar a la formaci\u00f3n y consolidaci\u00f3n de grupos de investigaci\u00f3n disciplinares e interdisciplinares, que ampl\u00eden las miradas y el an\u00e1lisis de las problem\u00e1ticas sociales locales y globales en la construcci\u00f3n de curr\u00edculos, de propuestas did\u00e1cticas y en formaci\u00f3n del profesorado en la ense\u00f1anza y el aprendizaje de las did\u00e1cticas espec\u00edficas.<\/li>\n\n\n\n<li>Fomentar la cultura de la producci\u00f3n escrita, la publicaci\u00f3n y la comunicaci\u00f3n de los resultados de investigaci\u00f3n de las did\u00e1cticas espec\u00edficas en las comunidades acad\u00e9micas y educativas, as\u00ed como el uso de sus resultados tanto en la innovaci\u00f3n de la pr\u00e1ctica como en la formaci\u00f3n docente.<\/li>\n\n\n\n<li>Consolidar comunidades acad\u00e9micas nacionales e internacionales con los procesos de ense\u00f1anza y aprendizaje de las did\u00e1cticas espec\u00edficas.<\/li>\n<\/ul>\n\n\n\n<p class=\"has-text-align-lefth has-x-large-font-size\" style=\"font-size:42px;font-weight:900;font-family: 'Segoe UI', Tahoma, Geneva, Verdana, sans-serif;text-align: lefth;color: #0197b1\">RESULTADOS DE APRENDIZAJE<\/p>\n\n\n\n<p class=\"has-medium-font-size\">El Doctor(a) en Did\u00e1ctica:<\/p>\n\n\n\n<ul class=\"has-medium-font-size wp-block-list\">\n<li>Formula, desarrolla y eval\u00faa proyectos de investigaci\u00f3n pertinentes e innovadores en el campo de la did\u00e1ctica espec\u00edfica en la que profundiza.\u00a0<\/li>\n\n\n\n<li>Dise\u00f1a, desarrolla y eval\u00faa propuestas de ense\u00f1anza y aprendizaje reflexivos e innovadores en el campo de la ense\u00f1anza en la que profundiza.<\/li>\n\n\n\n<li>Planifica, desarrolla y eval\u00faa propuestas de formaci\u00f3n docente, enmarcadas en perspectivas cr\u00edticas, democr\u00e1ticas y transformadoras para los distintos niveles educativos.\u00a0<\/li>\n\n\n\n<li>Participa de manera activa en grupos de investigaci\u00f3n relacionados con la educaci\u00f3n y las did\u00e1cticas, para resolver las problem\u00e1ticas propias de cada uno de los \u00e1mbitos disciplinares.<\/li>\n\n\n\n<li>Publica, comunica y debate resultados de investigaci\u00f3n con la comunidad acad\u00e9mica local y global, relacionados con las did\u00e1cticas espec\u00edficas y los problemas de la ense\u00f1anza de sus disciplinas.<\/li>\n\n\n\n<li>Pertenece a asociaciones y redes acad\u00e9micas nacionales e internacionales que reflexionan e investigan en las did\u00e1cticas espec\u00edficas.<\/li>\n<\/ul>\n","protected":false},"excerpt":{"rendered":"<p>OBJETIVOS Prop\u00f3sito y objetivos de formaci\u00f3n del programa El prop\u00f3sito del Doctorado es formar investigadores aut\u00f3nomos y cr\u00edticos en las did\u00e1cticas espec\u00edficas, que aporten a la construcci\u00f3n de conocimiento v\u00e1lido, [&#8230;]<\/p>\n","protected":false},"author":62,"featured_media":0,"comment_status":"closed","ping_status":"closed","sticky":false,"template":"","format":"standard","meta":{"footnotes":""},"categories":[1],"tags":[],"class_list":["post-13","post","type-post","status-publish","format-standard","hentry","category-sin-categoria"],"_links":{"self":[{"href":"https:\/\/educacion.utp.edu.co\/doctorado-en-didactica\/wp-json\/wp\/v2\/posts\/13","targetHints":{"allow":["GET"]}}],"collection":[{"href":"https:\/\/educacion.utp.edu.co\/doctorado-en-didactica\/wp-json\/wp\/v2\/posts"}],"about":[{"href":"https:\/\/educacion.utp.edu.co\/doctorado-en-didactica\/wp-json\/wp\/v2\/types\/post"}],"author":[{"embeddable":true,"href":"https:\/\/educacion.utp.edu.co\/doctorado-en-didactica\/wp-json\/wp\/v2\/users\/62"}],"replies":[{"embeddable":true,"href":"https:\/\/educacion.utp.edu.co\/doctorado-en-didactica\/wp-json\/wp\/v2\/comments?post=13"}],"version-history":[{"count":6,"href":"https:\/\/educacion.utp.edu.co\/doctorado-en-didactica\/wp-json\/wp\/v2\/posts\/13\/revisions"}],"predecessor-version":[{"id":10394,"href":"https:\/\/educacion.utp.edu.co\/doctorado-en-didactica\/wp-json\/wp\/v2\/posts\/13\/revisions\/10394"}],"wp:attachment":[{"href":"https:\/\/educacion.utp.edu.co\/doctorado-en-didactica\/wp-json\/wp\/v2\/media?parent=13"}],"wp:term":[{"taxonomy":"category","embeddable":true,"href":"https:\/\/educacion.utp.edu.co\/doctorado-en-didactica\/wp-json\/wp\/v2\/categories?post=13"},{"taxonomy":"post_tag","embeddable":true,"href":"https:\/\/educacion.utp.edu.co\/doctorado-en-didactica\/wp-json\/wp\/v2\/tags?post=13"}],"curies":[{"name":"wp","href":"https:\/\/api.w.org\/{rel}","templated":true}]}}