{"id":10144,"date":"2022-09-12T16:20:29","date_gmt":"2022-09-12T21:20:29","guid":{"rendered":"https:\/\/educacion.utp.edu.co\/comunicacion-educativa\/?p=10144"},"modified":"2024-06-14T10:53:04","modified_gmt":"2024-06-14T15:53:04","slug":"grupos-de-investigacionn","status":"publish","type":"post","link":"https:\/\/educacion.utp.edu.co\/maestria-en-comunicacion-educativa\/sin-categoria\/grupos-de-investigacionn\/","title":{"rendered":"Grupos de Investigaci\u00f3n"},"content":{"rendered":"\n<figure class=\"wp-block-image size-full\"><img loading=\"lazy\" decoding=\"async\" width=\"2000\" height=\"300\" src=\"https:\/\/media2.utp.edu.co\/programas\/46\/linea-de-investigacion-3-1.jpg\" alt=\"\" class=\"wp-image-10457\" \/><\/figure>\n\n\n\n<p class=\"has-medium-font-size\"><strong>Nombre:<\/strong>\u00a0Comunicaci\u00f3n Educativa<br><strong>Categor\u00eda Colciencias:<\/strong>\u00a0A<br><strong>Investigadora principal:<\/strong>\u00a0Olga Luc\u00eda Bedoya<\/p>\n\n\n\n<p class=\"has-medium-font-size\"><strong>L\u00edneas de investigaci\u00f3n:<\/strong><\/p>\n\n\n\n<ul class=\"wp-block-list\">\n<li class=\"has-medium-font-size\">La educaci\u00f3n y la comunicaci\u00f3n en procesos de transformaci\u00f3n cultural<\/li>\n\n\n\n<li class=\"has-medium-font-size\">Los medios en la educaci\u00f3n y la educaci\u00f3n en los medios<\/li>\n\n\n\n<li class=\"has-medium-font-size\">Nuevas Tecnolog\u00edas para la Educaci\u00f3n<\/li>\n<\/ul>\n","protected":false},"excerpt":{"rendered":"<p>Nombre:\u00a0Comunicaci\u00f3n EducativaCategor\u00eda Colciencias:\u00a0AInvestigadora principal:\u00a0Olga Luc\u00eda Bedoya L\u00edneas de investigaci\u00f3n:<\/p>\n","protected":false},"author":62,"featured_media":0,"comment_status":"open","ping_status":"open","sticky":false,"template":"","format":"standard","meta":{"footnotes":""},"categories":[20],"tags":[],"class_list":["post-10144","post","type-post","status-publish","format-standard","hentry","category-sin-categoria"],"_links":{"self":[{"href":"https:\/\/educacion.utp.edu.co\/maestria-en-comunicacion-educativa\/wp-json\/wp\/v2\/posts\/10144","targetHints":{"allow":["GET"]}}],"collection":[{"href":"https:\/\/educacion.utp.edu.co\/maestria-en-comunicacion-educativa\/wp-json\/wp\/v2\/posts"}],"about":[{"href":"https:\/\/educacion.utp.edu.co\/maestria-en-comunicacion-educativa\/wp-json\/wp\/v2\/types\/post"}],"author":[{"embeddable":true,"href":"https:\/\/educacion.utp.edu.co\/maestria-en-comunicacion-educativa\/wp-json\/wp\/v2\/users\/62"}],"replies":[{"embeddable":true,"href":"https:\/\/educacion.utp.edu.co\/maestria-en-comunicacion-educativa\/wp-json\/wp\/v2\/comments?post=10144"}],"version-history":[{"count":5,"href":"https:\/\/educacion.utp.edu.co\/maestria-en-comunicacion-educativa\/wp-json\/wp\/v2\/posts\/10144\/revisions"}],"predecessor-version":[{"id":10458,"href":"https:\/\/educacion.utp.edu.co\/maestria-en-comunicacion-educativa\/wp-json\/wp\/v2\/posts\/10144\/revisions\/10458"}],"wp:attachment":[{"href":"https:\/\/educacion.utp.edu.co\/maestria-en-comunicacion-educativa\/wp-json\/wp\/v2\/media?parent=10144"}],"wp:term":[{"taxonomy":"category","embeddable":true,"href":"https:\/\/educacion.utp.edu.co\/maestria-en-comunicacion-educativa\/wp-json\/wp\/v2\/categories?post=10144"},{"taxonomy":"post_tag","embeddable":true,"href":"https:\/\/educacion.utp.edu.co\/maestria-en-comunicacion-educativa\/wp-json\/wp\/v2\/tags?post=10144"}],"curies":[{"name":"wp","href":"https:\/\/api.w.org\/{rel}","templated":true}]}}