{"id":23,"date":"2015-05-29T11:43:34","date_gmt":"2015-05-29T16:43:34","guid":{"rendered":"https:\/\/educacion.utp.edu.co\/comunicacion-educativa\/titulo\/"},"modified":"2022-09-12T17:00:48","modified_gmt":"2022-09-12T22:00:48","slug":"titulo","status":"publish","type":"post","link":"https:\/\/educacion.utp.edu.co\/maestria-en-comunicacion-educativa\/informacion-general\/titulo\/","title":{"rendered":"T\u00edtulo"},"content":{"rendered":"\n<p class=\"has-text-align-center\"><span class=\"post-content__span\"> <img decoding=\"async\" src=\"http:\/\/media2.utp.edu.co\/programas\/46\/titulo.png\" alt=\"\"><\/p>\n\n\n\n<p><span class=\"post-content__span\"> El t\u00edtulo otorgado es:<br> Mag\u00edster Comunicaci\u00f3n Educativa<br> Universidad Tecnol\u00f3gica de Pereira<\/p>\n","protected":false},"excerpt":{"rendered":"<p>El t\u00edtulo otorgado es: Mag\u00edster Comunicaci\u00f3n Educativa Universidad Tecnol\u00f3gica de Pereira<\/p>\n","protected":false},"author":1,"featured_media":10006,"comment_status":"closed","ping_status":"closed","sticky":false,"template":"","format":"standard","meta":{"footnotes":""},"categories":[12],"tags":[],"class_list":["post-23","post","type-post","status-publish","format-standard","has-post-thumbnail","hentry","category-informacion-general"],"_links":{"self":[{"href":"https:\/\/educacion.utp.edu.co\/maestria-en-comunicacion-educativa\/wp-json\/wp\/v2\/posts\/23","targetHints":{"allow":["GET"]}}],"collection":[{"href":"https:\/\/educacion.utp.edu.co\/maestria-en-comunicacion-educativa\/wp-json\/wp\/v2\/posts"}],"about":[{"href":"https:\/\/educacion.utp.edu.co\/maestria-en-comunicacion-educativa\/wp-json\/wp\/v2\/types\/post"}],"author":[{"embeddable":true,"href":"https:\/\/educacion.utp.edu.co\/maestria-en-comunicacion-educativa\/wp-json\/wp\/v2\/users\/1"}],"replies":[{"embeddable":true,"href":"https:\/\/educacion.utp.edu.co\/maestria-en-comunicacion-educativa\/wp-json\/wp\/v2\/comments?post=23"}],"version-history":[{"count":1,"href":"https:\/\/educacion.utp.edu.co\/maestria-en-comunicacion-educativa\/wp-json\/wp\/v2\/posts\/23\/revisions"}],"predecessor-version":[{"id":10192,"href":"https:\/\/educacion.utp.edu.co\/maestria-en-comunicacion-educativa\/wp-json\/wp\/v2\/posts\/23\/revisions\/10192"}],"wp:featuredmedia":[{"embeddable":true,"href":"https:\/\/educacion.utp.edu.co\/maestria-en-comunicacion-educativa\/wp-json\/wp\/v2\/media\/10006"}],"wp:attachment":[{"href":"https:\/\/educacion.utp.edu.co\/maestria-en-comunicacion-educativa\/wp-json\/wp\/v2\/media?parent=23"}],"wp:term":[{"taxonomy":"category","embeddable":true,"href":"https:\/\/educacion.utp.edu.co\/maestria-en-comunicacion-educativa\/wp-json\/wp\/v2\/categories?post=23"},{"taxonomy":"post_tag","embeddable":true,"href":"https:\/\/educacion.utp.edu.co\/maestria-en-comunicacion-educativa\/wp-json\/wp\/v2\/tags?post=23"}],"curies":[{"name":"wp","href":"https:\/\/api.w.org\/{rel}","templated":true}]}}