{"id":261,"date":"2017-09-12T13:29:41","date_gmt":"2017-09-12T18:29:41","guid":{"rendered":"https:\/\/educacion.utp.edu.co\/comunicacion-educativa\/seminario-de-cibercultura\/"},"modified":"2017-09-12T13:29:41","modified_gmt":"2017-09-12T18:29:41","slug":"seminario-de-cibercultura","status":"publish","type":"post","link":"https:\/\/educacion.utp.edu.co\/maestria-en-comunicacion-educativa\/informacion-general\/seminario-de-cibercultura\/","title":{"rendered":"SEMINARIO DE CIBERCULTURA"},"content":{"rendered":"\n<p><span class=\"post-content__span\"> El seminario de cibercultura estar\u00e1 bajo a la direcci\u00f3n del doctor ANTONIO JOSE VELEZ MELO, quien nos acompa\u00f1a en la maestr\u00eda de comunicaci\u00f3n educativa como docente.<\/p>\n\n\n\n<p><span class=\"post-content__span\"> Las clases se llevaran a cabo en las instalaciones de la universidad tecnol\u00f3gica de Pereira edificio 15, en dos sesiones: la primera sesi\u00f3n correspondi\u00f3 al 8 y 9 de septiembre de 2017 y la segunda sesi\u00f3n se realizara el 15 y 16 de septiembre 2017.<\/p>\n\n\n\n<p><span class=\"post-content__span\"> METODOLOG\u00cdA DEL SEMINARIO<\/p>\n\n\n\n<p><span class=\"post-content__span\"> Se utilizara el Seminario de Investigaci\u00f3n, tambi\u00e9n conocido como Seminario Alem\u00e1n, es una actividad acad\u00e9mica, cuyo origen se dio a finales del siglo XVlll, con el fin de renovar las estrategias de estudio y formaci\u00f3n de los investigadores, y demostrar que la docencia y la investigaci\u00f3n se pueden unir y complementar para obtener mejores resultados.<\/p>\n\n\n\n<p><span class=\"post-content__span\"> CONTENIDO TEMATICO<\/p>\n\n\n\n<ul class=\"wp-block-list\"><li>Comunicaci\u00f3n<\/li><li>Educaci\u00f3n<\/li><li>Cibercultura<\/li><\/ul>\n","protected":false},"excerpt":{"rendered":"<p>El seminario de cibercultura estar\u00e1 bajo a la direcci\u00f3n del doctor ANTONIO JOSE VELEZ MELO, quien nos acompa\u00f1a en la maestr\u00eda de comunicaci\u00f3n educativa como docente. Las clases se llevaran [&#8230;]<\/p>\n","protected":false},"author":1,"featured_media":0,"comment_status":"closed","ping_status":"closed","sticky":false,"template":"","format":"standard","meta":{"footnotes":""},"categories":[12],"tags":[],"class_list":["post-261","post","type-post","status-publish","format-standard","hentry","category-informacion-general"],"_links":{"self":[{"href":"https:\/\/educacion.utp.edu.co\/maestria-en-comunicacion-educativa\/wp-json\/wp\/v2\/posts\/261","targetHints":{"allow":["GET"]}}],"collection":[{"href":"https:\/\/educacion.utp.edu.co\/maestria-en-comunicacion-educativa\/wp-json\/wp\/v2\/posts"}],"about":[{"href":"https:\/\/educacion.utp.edu.co\/maestria-en-comunicacion-educativa\/wp-json\/wp\/v2\/types\/post"}],"author":[{"embeddable":true,"href":"https:\/\/educacion.utp.edu.co\/maestria-en-comunicacion-educativa\/wp-json\/wp\/v2\/users\/1"}],"replies":[{"embeddable":true,"href":"https:\/\/educacion.utp.edu.co\/maestria-en-comunicacion-educativa\/wp-json\/wp\/v2\/comments?post=261"}],"version-history":[{"count":0,"href":"https:\/\/educacion.utp.edu.co\/maestria-en-comunicacion-educativa\/wp-json\/wp\/v2\/posts\/261\/revisions"}],"wp:attachment":[{"href":"https:\/\/educacion.utp.edu.co\/maestria-en-comunicacion-educativa\/wp-json\/wp\/v2\/media?parent=261"}],"wp:term":[{"taxonomy":"category","embeddable":true,"href":"https:\/\/educacion.utp.edu.co\/maestria-en-comunicacion-educativa\/wp-json\/wp\/v2\/categories?post=261"},{"taxonomy":"post_tag","embeddable":true,"href":"https:\/\/educacion.utp.edu.co\/maestria-en-comunicacion-educativa\/wp-json\/wp\/v2\/tags?post=261"}],"curies":[{"name":"wp","href":"https:\/\/api.w.org\/{rel}","templated":true}]}}