{"id":27,"date":"2015-05-29T14:36:17","date_gmt":"2015-05-29T19:36:17","guid":{"rendered":"https:\/\/educacion.utp.edu.co\/comunicacion-educativa\/perfil-del-aspirante\/"},"modified":"2022-09-12T17:00:05","modified_gmt":"2022-09-12T22:00:05","slug":"perfil-del-aspirante","status":"publish","type":"post","link":"https:\/\/educacion.utp.edu.co\/maestria-en-comunicacion-educativa\/informacion-general\/perfil-del-aspirante\/","title":{"rendered":"Perf\u00edl del Aspirante"},"content":{"rendered":"\n<p><span class=\"post-content__span\"> El aspirante a Magister en Comunicaci\u00f3n Educativa debe:<\/p>\n\n\n<div class=\"wp-block-image\">\n<figure class=\"aligncenter\"><img decoding=\"async\" src=\"http:\/\/media2.utp.edu.co\/programas\/46\/Perfil_aspirante.png\" alt=\"\"\/><\/figure>\n<\/div>\n\n\n<ul class=\"wp-block-list\"><li>Poseer t\u00edtulo acad\u00e9mico de formaci\u00f3n universitaria.<\/li><li>Presentar un ensayo escrito en el cual se expresen las expectativas personales con respecto a la propuesta investigativa de la Maestr\u00eda expresadas en sus l\u00edneas de Investigaci\u00f3n.<\/li><li>Entrevista Personal y presentaci\u00f3n de ensayo escrito sobre el tema de inter\u00e9s de investigaci\u00f3n<\/li><li>Tener diligenciado el CVLAC en Colciencias, con las respectivas actualizaciones<\/li><\/ul>\n","protected":false},"excerpt":{"rendered":"<p>El aspirante a Magister en Comunicaci\u00f3n Educativa debe: Poseer t\u00edtulo acad\u00e9mico de formaci\u00f3n universitaria. Presentar un ensayo escrito en el cual se expresen las expectativas personales con respecto a la [&#8230;]<\/p>\n","protected":false},"author":1,"featured_media":10003,"comment_status":"closed","ping_status":"closed","sticky":false,"template":"","format":"standard","meta":{"footnotes":""},"categories":[12],"tags":[],"class_list":["post-27","post","type-post","status-publish","format-standard","has-post-thumbnail","hentry","category-informacion-general"],"_links":{"self":[{"href":"https:\/\/educacion.utp.edu.co\/maestria-en-comunicacion-educativa\/wp-json\/wp\/v2\/posts\/27","targetHints":{"allow":["GET"]}}],"collection":[{"href":"https:\/\/educacion.utp.edu.co\/maestria-en-comunicacion-educativa\/wp-json\/wp\/v2\/posts"}],"about":[{"href":"https:\/\/educacion.utp.edu.co\/maestria-en-comunicacion-educativa\/wp-json\/wp\/v2\/types\/post"}],"author":[{"embeddable":true,"href":"https:\/\/educacion.utp.edu.co\/maestria-en-comunicacion-educativa\/wp-json\/wp\/v2\/users\/1"}],"replies":[{"embeddable":true,"href":"https:\/\/educacion.utp.edu.co\/maestria-en-comunicacion-educativa\/wp-json\/wp\/v2\/comments?post=27"}],"version-history":[{"count":1,"href":"https:\/\/educacion.utp.edu.co\/maestria-en-comunicacion-educativa\/wp-json\/wp\/v2\/posts\/27\/revisions"}],"predecessor-version":[{"id":10190,"href":"https:\/\/educacion.utp.edu.co\/maestria-en-comunicacion-educativa\/wp-json\/wp\/v2\/posts\/27\/revisions\/10190"}],"wp:featuredmedia":[{"embeddable":true,"href":"https:\/\/educacion.utp.edu.co\/maestria-en-comunicacion-educativa\/wp-json\/wp\/v2\/media\/10003"}],"wp:attachment":[{"href":"https:\/\/educacion.utp.edu.co\/maestria-en-comunicacion-educativa\/wp-json\/wp\/v2\/media?parent=27"}],"wp:term":[{"taxonomy":"category","embeddable":true,"href":"https:\/\/educacion.utp.edu.co\/maestria-en-comunicacion-educativa\/wp-json\/wp\/v2\/categories?post=27"},{"taxonomy":"post_tag","embeddable":true,"href":"https:\/\/educacion.utp.edu.co\/maestria-en-comunicacion-educativa\/wp-json\/wp\/v2\/tags?post=27"}],"curies":[{"name":"wp","href":"https:\/\/api.w.org\/{rel}","templated":true}]}}