{"id":33,"date":"2015-04-06T13:26:02","date_gmt":"2015-04-06T18:26:02","guid":{"rendered":"https:\/\/educacion.utp.edu.co\/comunicacion-educativa\/convenios\/"},"modified":"2015-04-06T13:26:02","modified_gmt":"2015-04-06T18:26:02","slug":"convenios","status":"publish","type":"post","link":"https:\/\/educacion.utp.edu.co\/maestria-en-comunicacion-educativa\/informacion-general\/convenios\/","title":{"rendered":"Convenios"},"content":{"rendered":"\n<p><span class=\"post-content__span\"> La maestr\u00eda en Comunicaci\u00f3n Educativa de la Universidad Tecnol\u00f3gica de Pereira, ha llevado a cabo varios convenios interinstitucionales tanto para pasant\u00edas como para cohortes de la misma en otras instituciones del pa\u00eds.<\/p>\n\n\n\n<p><span class=\"post-content__span\"> <strong>Convenios Nacionales<\/strong><\/p>\n\n\n\n<ul class=\"wp-block-list\"><li>Universidad Nari\u00f1o<\/li><li>Universidad de Medell\u00edn<\/li><li>Polit\u00e9cnico Jaime Isaza Cadavid<\/li><li>Uniminuto Bogot\u00e1<\/li><\/ul>\n\n\n\n<p><span class=\"post-content__span\"> <strong>Convenios Internacionales<\/strong><\/p>\n\n\n\n<ul class=\"wp-block-list\"><li>Convenio Paris: L\u00b4universit\u00e9 Paris-Est creteil Val De Marne (UPEC)<\/li><li>Convenio Valencia: Lab Human<\/li><li>Convenio Guadalajara: Universidad de Guadalajara<\/li><li>Convenio EBSCO M\u00e9xico<\/li><\/ul>\n","protected":false},"excerpt":{"rendered":"<p>La maestr\u00eda en Comunicaci\u00f3n Educativa de la Universidad Tecnol\u00f3gica de Pereira, ha llevado a cabo varios convenios interinstitucionales tanto para pasant\u00edas como para cohortes de la misma en otras instituciones [&#8230;]<\/p>\n","protected":false},"author":1,"featured_media":0,"comment_status":"closed","ping_status":"closed","sticky":false,"template":"","format":"standard","meta":{"footnotes":""},"categories":[12],"tags":[],"class_list":["post-33","post","type-post","status-publish","format-standard","hentry","category-informacion-general"],"_links":{"self":[{"href":"https:\/\/educacion.utp.edu.co\/maestria-en-comunicacion-educativa\/wp-json\/wp\/v2\/posts\/33","targetHints":{"allow":["GET"]}}],"collection":[{"href":"https:\/\/educacion.utp.edu.co\/maestria-en-comunicacion-educativa\/wp-json\/wp\/v2\/posts"}],"about":[{"href":"https:\/\/educacion.utp.edu.co\/maestria-en-comunicacion-educativa\/wp-json\/wp\/v2\/types\/post"}],"author":[{"embeddable":true,"href":"https:\/\/educacion.utp.edu.co\/maestria-en-comunicacion-educativa\/wp-json\/wp\/v2\/users\/1"}],"replies":[{"embeddable":true,"href":"https:\/\/educacion.utp.edu.co\/maestria-en-comunicacion-educativa\/wp-json\/wp\/v2\/comments?post=33"}],"version-history":[{"count":0,"href":"https:\/\/educacion.utp.edu.co\/maestria-en-comunicacion-educativa\/wp-json\/wp\/v2\/posts\/33\/revisions"}],"wp:attachment":[{"href":"https:\/\/educacion.utp.edu.co\/maestria-en-comunicacion-educativa\/wp-json\/wp\/v2\/media?parent=33"}],"wp:term":[{"taxonomy":"category","embeddable":true,"href":"https:\/\/educacion.utp.edu.co\/maestria-en-comunicacion-educativa\/wp-json\/wp\/v2\/categories?post=33"},{"taxonomy":"post_tag","embeddable":true,"href":"https:\/\/educacion.utp.edu.co\/maestria-en-comunicacion-educativa\/wp-json\/wp\/v2\/tags?post=33"}],"curies":[{"name":"wp","href":"https:\/\/api.w.org\/{rel}","templated":true}]}}