{"id":361,"date":"2017-11-29T14:26:13","date_gmt":"2017-11-29T19:26:13","guid":{"rendered":"https:\/\/educacion.utp.edu.co\/comunicacion-educativa\/seminario-de-aprendizaje-significativo\/"},"modified":"2022-09-12T16:47:59","modified_gmt":"2022-09-12T21:47:59","slug":"seminario-de-aprendizaje-significativo","status":"publish","type":"post","link":"https:\/\/educacion.utp.edu.co\/maestria-en-comunicacion-educativa\/informacion-general\/seminario-de-aprendizaje-significativo\/","title":{"rendered":"Seminario de Aprendizaje Significativo"},"content":{"rendered":"\n<div class=\"wp-block-columns is-layout-flex wp-container-core-columns-is-layout-9d6595d7 wp-block-columns-is-layout-flex\">\n<div class=\"wp-block-column is-layout-flow wp-block-column-is-layout-flow\">\n<p><span class=\"post-content__span\"> <span>El pasado 17, 18, 24 Y 25 de noviembre del presente a\u00f1o, se realiz\u00f3&nbsp;el seminario de aprendizaje significativo&nbsp; con los estudiantes que cursan&nbsp;XXIII Cohorte de la Maestr\u00eda en Comunicaci\u00f3n educativa, este seminario&nbsp;estuvo dirigido&nbsp;por el docente y Ph.D Omar Ivan Trejos Buritic\u00e1, donde desarrollo la siguiente metodolog\u00eda:&nbsp;<\/span><\/p>\n\n\n\n<ul class=\"wp-block-list\"><li>exposici\u00f3n magistral.\u00a0<\/li><li>debates.\u00a0<\/li><li>confrontaci\u00f3n de ideas.\u00a0<\/li><li>opiniones escritas.\u00a0<\/li><li>\u00a0un trabajo final.<\/li><\/ul>\n\n\n\n<figure class=\"wp-block-image\"><img decoding=\"async\" src=\"http:\/\/media2.utp.edu.co\/programas\/46\/DSC_0202.JPG\" alt=\"\"\/><\/figure>\n\n\n\n<figure class=\"wp-block-image\"><img decoding=\"async\" src=\"http:\/\/media2.utp.edu.co\/programas\/46\/DSC_0203(1).JPG\" alt=\"\"\/><\/figure>\n\n\n\n<p><span class=\"post-content__span\"> \u200b\u00a0\u00a0<\/p>\n<\/div>\n<\/div>\n","protected":false},"excerpt":{"rendered":"<p>El pasado 17, 18, 24 Y 25 de noviembre del presente a\u00f1o, se realiz\u00f3&nbsp;el seminario de aprendizaje significativo&nbsp; con los estudiantes que cursan&nbsp;XXIII Cohorte de la Maestr\u00eda en Comunicaci\u00f3n educativa, [&#8230;]<\/p>\n","protected":false},"author":1,"featured_media":0,"comment_status":"closed","ping_status":"closed","sticky":false,"template":"","format":"standard","meta":{"footnotes":""},"categories":[12],"tags":[],"class_list":["post-361","post","type-post","status-publish","format-standard","hentry","category-informacion-general"],"_links":{"self":[{"href":"https:\/\/educacion.utp.edu.co\/maestria-en-comunicacion-educativa\/wp-json\/wp\/v2\/posts\/361","targetHints":{"allow":["GET"]}}],"collection":[{"href":"https:\/\/educacion.utp.edu.co\/maestria-en-comunicacion-educativa\/wp-json\/wp\/v2\/posts"}],"about":[{"href":"https:\/\/educacion.utp.edu.co\/maestria-en-comunicacion-educativa\/wp-json\/wp\/v2\/types\/post"}],"author":[{"embeddable":true,"href":"https:\/\/educacion.utp.edu.co\/maestria-en-comunicacion-educativa\/wp-json\/wp\/v2\/users\/1"}],"replies":[{"embeddable":true,"href":"https:\/\/educacion.utp.edu.co\/maestria-en-comunicacion-educativa\/wp-json\/wp\/v2\/comments?post=361"}],"version-history":[{"count":2,"href":"https:\/\/educacion.utp.edu.co\/maestria-en-comunicacion-educativa\/wp-json\/wp\/v2\/posts\/361\/revisions"}],"predecessor-version":[{"id":10176,"href":"https:\/\/educacion.utp.edu.co\/maestria-en-comunicacion-educativa\/wp-json\/wp\/v2\/posts\/361\/revisions\/10176"}],"wp:attachment":[{"href":"https:\/\/educacion.utp.edu.co\/maestria-en-comunicacion-educativa\/wp-json\/wp\/v2\/media?parent=361"}],"wp:term":[{"taxonomy":"category","embeddable":true,"href":"https:\/\/educacion.utp.edu.co\/maestria-en-comunicacion-educativa\/wp-json\/wp\/v2\/categories?post=361"},{"taxonomy":"post_tag","embeddable":true,"href":"https:\/\/educacion.utp.edu.co\/maestria-en-comunicacion-educativa\/wp-json\/wp\/v2\/tags?post=361"}],"curies":[{"name":"wp","href":"https:\/\/api.w.org\/{rel}","templated":true}]}}