{"id":37,"date":"2015-08-31T13:18:26","date_gmt":"2015-08-31T18:18:26","guid":{"rendered":"https:\/\/educacion.utp.edu.co\/comunicacion-educativa\/coloquio-ii\/"},"modified":"2024-05-28T10:00:59","modified_gmt":"2024-05-28T15:00:59","slug":"pereira","status":"publish","type":"post","link":"https:\/\/educacion.utp.edu.co\/maestria-en-comunicacion-educativa\/noticias-de-interes\/pereira\/","title":{"rendered":"Pereira Imaginada"},"content":{"rendered":"<div class=\"wp-block-image\">\n<figure class=\"aligncenter size-full\"><img loading=\"lazy\" decoding=\"async\" width=\"434\" height=\"594\" src=\"https:\/\/media2.utp.edu.co\/programas\/46\/libro-Pereira.png\" alt=\"\" class=\"wp-image-10306\" \/><\/figure>\n<\/div>\n\n\n<p><span class=\"post-content__span\"> Pereira imaginada hace del proyecto internacional \u201cColecci\u00f3n Ciudades Imaginadas\u201d, liderado por el investigador colombiano Armando Silva en Am\u00e9rica Latina y Espa\u00f1a. Desde una perspectiva est\u00e9tica y de percepci\u00f3n sensorial ciudadana, narra la ciudad de los ciudadanos, la ciudad\/des que llevan en sus mentes y en los modos de vida. &nbsp;El \u201cparadigma de la ciudad imaginada\u201d, emerge en t\u00e9rminos de Silva (2007), cuando es posible hacer la distinci\u00f3n entre la ciudad de los arquitectos, &nbsp;la ciudad f\u00edsica, la ciudad de las edificaciones y de las calles, &nbsp;de \u00e9sta otra, &nbsp;la ciudad de la comunicaci\u00f3n, de lo urbano, de &nbsp;\u201clos anuncios\u201d y de los &nbsp;\u201cproductos digitales o se\u00f1ales\u201d. Exige desplazarse del lugar geogr\u00e1fico, f\u00edsico, tangible y visible (graffitis, vitrinas), a una ciudad no visible, a la ciudad de los ciudadanos, a la\/s ciudad\/des que llevan en sus mentes, a una ciudad desde la percepci\u00f3n ciudadana, del \u201cdeseo\u201d ciudadano.<\/p>\n\n\n\n<p><span class=\"post-content__span\"> En concomitancia con la l\u00f3gica tri\u00e1dica contempor\u00e1nea, inspirada en la semi\u00f3tica de Charles S. Peirce, la perspectiva ciudadana abordada en el libro, y en la estructura general de todos los textos de la colecci\u00f3n, interrelaciona la tricotom\u00eda: ciudad, ciudadanos y &nbsp;otredades. La ciudad en analog\u00eda al \u201cmodo de ser\u201d como \u201cposibilidad cualitativa siempre presente\u201d es primeridad, &nbsp;que a su vez se subdivide en una nueva tricotom\u00eda: cualidades, calificaciones, y escenarios. Los ciudadanos en raz\u00f3n a la divisi\u00f3n tricot\u00f3mica del ser se constituyen en la segundidad, que a la vez comprende las temporalidades, las marcas y las rutinas. Una \u00faltima tricotom\u00eda la constituye la otredad, como terceridad que da paso al desarrollo de la percepci\u00f3n, desde la comparaci\u00f3n con las ciudades cercanas, las ciudades lejanas y las ciudades anheladas.&nbsp;<\/p>\n","protected":false},"excerpt":{"rendered":"<p>Pereira imaginada hace del proyecto internacional \u201cColecci\u00f3n Ciudades Imaginadas\u201d, liderado por el investigador colombiano Armando Silva en Am\u00e9rica Latina y Espa\u00f1a. Desde una perspectiva est\u00e9tica y de percepci\u00f3n sensorial ciudadana, [&#8230;]<\/p>\n","protected":false},"author":62,"featured_media":10424,"comment_status":"closed","ping_status":"closed","sticky":false,"template":"","format":"standard","meta":{"footnotes":""},"categories":[51],"tags":[23],"class_list":["post-37","post","type-post","status-publish","format-standard","has-post-thumbnail","hentry","category-noticias-de-interes","tag-testimonios"],"_links":{"self":[{"href":"https:\/\/educacion.utp.edu.co\/maestria-en-comunicacion-educativa\/wp-json\/wp\/v2\/posts\/37","targetHints":{"allow":["GET"]}}],"collection":[{"href":"https:\/\/educacion.utp.edu.co\/maestria-en-comunicacion-educativa\/wp-json\/wp\/v2\/posts"}],"about":[{"href":"https:\/\/educacion.utp.edu.co\/maestria-en-comunicacion-educativa\/wp-json\/wp\/v2\/types\/post"}],"author":[{"embeddable":true,"href":"https:\/\/educacion.utp.edu.co\/maestria-en-comunicacion-educativa\/wp-json\/wp\/v2\/users\/62"}],"replies":[{"embeddable":true,"href":"https:\/\/educacion.utp.edu.co\/maestria-en-comunicacion-educativa\/wp-json\/wp\/v2\/comments?post=37"}],"version-history":[{"count":4,"href":"https:\/\/educacion.utp.edu.co\/maestria-en-comunicacion-educativa\/wp-json\/wp\/v2\/posts\/37\/revisions"}],"predecessor-version":[{"id":10415,"href":"https:\/\/educacion.utp.edu.co\/maestria-en-comunicacion-educativa\/wp-json\/wp\/v2\/posts\/37\/revisions\/10415"}],"wp:featuredmedia":[{"embeddable":true,"href":"https:\/\/educacion.utp.edu.co\/maestria-en-comunicacion-educativa\/wp-json\/wp\/v2\/media\/10424"}],"wp:attachment":[{"href":"https:\/\/educacion.utp.edu.co\/maestria-en-comunicacion-educativa\/wp-json\/wp\/v2\/media?parent=37"}],"wp:term":[{"taxonomy":"category","embeddable":true,"href":"https:\/\/educacion.utp.edu.co\/maestria-en-comunicacion-educativa\/wp-json\/wp\/v2\/categories?post=37"},{"taxonomy":"post_tag","embeddable":true,"href":"https:\/\/educacion.utp.edu.co\/maestria-en-comunicacion-educativa\/wp-json\/wp\/v2\/tags?post=37"}],"curies":[{"name":"wp","href":"https:\/\/api.w.org\/{rel}","templated":true}]}}