{"id":39,"date":"2015-08-31T13:19:34","date_gmt":"2015-08-31T18:19:34","guid":{"rendered":"https:\/\/educacion.utp.edu.co\/comunicacion-educativa\/transmedia\/"},"modified":"2022-08-11T09:48:16","modified_gmt":"2022-08-11T14:48:16","slug":"transmedia","status":"publish","type":"post","link":"https:\/\/educacion.utp.edu.co\/maestria-en-comunicacion-educativa\/sin-categoria\/transmedia\/","title":{"rendered":"Transmedia"},"content":{"rendered":"\n<p><span class=\"post-content__span\"> <object><\/object><\/p>\n\n\n\n<p><span class=\"post-content__span\"> <strong>I Seminario y taller&nbsp;internacional &nbsp;<\/strong><br>\nNarrativas Transmedia&nbsp;orientada por el&nbsp;<strong>Dr. Carlos A. Scolari<\/strong><br>\nViernes 26 y s\u00e1bado 27 de&nbsp;junio&nbsp;de 2015<br>\n<strong>Invitados:<\/strong> Estudiantes de maestr\u00eda en Comunicaci\u00f3n Educativa y estudiantes doctorado en Ciencias de la Educaci\u00f3n RUDECOLOMBIA &#8211; UTP<\/p>\n\n\n\n<figure class=\"wp-block-image\"><img decoding=\"async\" src=\"http:\/\/media2.utp.edu.co\/programas\/46\/invitacion%202.jpg\" alt=\"\" \/><\/figure>\n","protected":false},"excerpt":{"rendered":"<p>I Seminario y taller&nbsp;internacional &nbsp; Narrativas Transmedia&nbsp;orientada por el&nbsp;Dr. Carlos A. Scolari Viernes 26 y s\u00e1bado 27 de&nbsp;junio&nbsp;de 2015 Invitados: Estudiantes de maestr\u00eda en Comunicaci\u00f3n Educativa y estudiantes doctorado en [&#8230;]<\/p>\n","protected":false},"author":1,"featured_media":10013,"comment_status":"closed","ping_status":"closed","sticky":false,"template":"","format":"standard","meta":{"footnotes":""},"categories":[20],"tags":[],"class_list":["post-39","post","type-post","status-publish","format-standard","has-post-thumbnail","hentry","category-sin-categoria"],"_links":{"self":[{"href":"https:\/\/educacion.utp.edu.co\/maestria-en-comunicacion-educativa\/wp-json\/wp\/v2\/posts\/39","targetHints":{"allow":["GET"]}}],"collection":[{"href":"https:\/\/educacion.utp.edu.co\/maestria-en-comunicacion-educativa\/wp-json\/wp\/v2\/posts"}],"about":[{"href":"https:\/\/educacion.utp.edu.co\/maestria-en-comunicacion-educativa\/wp-json\/wp\/v2\/types\/post"}],"author":[{"embeddable":true,"href":"https:\/\/educacion.utp.edu.co\/maestria-en-comunicacion-educativa\/wp-json\/wp\/v2\/users\/1"}],"replies":[{"embeddable":true,"href":"https:\/\/educacion.utp.edu.co\/maestria-en-comunicacion-educativa\/wp-json\/wp\/v2\/comments?post=39"}],"version-history":[{"count":1,"href":"https:\/\/educacion.utp.edu.co\/maestria-en-comunicacion-educativa\/wp-json\/wp\/v2\/posts\/39\/revisions"}],"predecessor-version":[{"id":867,"href":"https:\/\/educacion.utp.edu.co\/maestria-en-comunicacion-educativa\/wp-json\/wp\/v2\/posts\/39\/revisions\/867"}],"wp:featuredmedia":[{"embeddable":true,"href":"https:\/\/educacion.utp.edu.co\/maestria-en-comunicacion-educativa\/wp-json\/wp\/v2\/media\/10013"}],"wp:attachment":[{"href":"https:\/\/educacion.utp.edu.co\/maestria-en-comunicacion-educativa\/wp-json\/wp\/v2\/media?parent=39"}],"wp:term":[{"taxonomy":"category","embeddable":true,"href":"https:\/\/educacion.utp.edu.co\/maestria-en-comunicacion-educativa\/wp-json\/wp\/v2\/categories?post=39"},{"taxonomy":"post_tag","embeddable":true,"href":"https:\/\/educacion.utp.edu.co\/maestria-en-comunicacion-educativa\/wp-json\/wp\/v2\/tags?post=39"}],"curies":[{"name":"wp","href":"https:\/\/api.w.org\/{rel}","templated":true}]}}