{"id":461,"date":"2018-06-13T08:44:49","date_gmt":"2018-06-13T13:44:49","guid":{"rendered":"https:\/\/educacion.utp.edu.co\/comunicacion-educativa\/informacion-de-registro\/"},"modified":"2022-09-12T16:41:18","modified_gmt":"2022-09-12T21:41:18","slug":"informacion-de-registro","status":"publish","type":"post","link":"https:\/\/educacion.utp.edu.co\/maestria-en-comunicacion-educativa\/sin-categoria\/informacion-de-registro\/","title":{"rendered":"Informaci\u00f3n de registro"},"content":{"rendered":"\n<figure class=\"wp-block-table table table-striped is-style-stripes\"><table><tbody><tr><td><strong>C\u00f3digo SNIES:<\/strong><\/td><td>275<\/td><\/tr><tr><td><strong>Registro Calificado: <\/strong><\/td><td>Resoluci\u00f3n 12747 del 28 de diciembre del 2010<\/td><\/tr><tr><td><strong>T\u00edtulo:<\/strong><\/td><td>Mag\u00edster en Comunicaci\u00f3n Educativa<\/td><\/tr><tr><td><strong>Duraci\u00f3n del programa: <\/strong><\/td><td>4 semestres acad\u00e9micos<\/td><\/tr><tr><td><strong>N\u00famero de cr\u00e9ditos: <\/strong><\/td><td>50 cr\u00e9ditos acad\u00e9micos<\/td><\/tr><tr><td><strong>Intensidad horaria:<\/strong><\/td><td>Viernes &nbsp;4:00 a 8:00 pm. &nbsp;&nbsp;S\u00e1bado de 8:00 am a 4:00 pm<\/td><\/tr><tr><td><strong>Modalidad de Formaci\u00f3n:<\/strong><\/td><td><span>Presencial<\/span><\/td><\/tr><tr><td><strong>Valor de la matricula: <\/strong><\/td><td>6.5 SMMLV<\/td><\/tr><\/tbody><\/table><\/figure>\n","protected":false},"excerpt":{"rendered":"<p>C\u00f3digo SNIES: 275 Registro Calificado: Resoluci\u00f3n 12747 del 28 de diciembre del 2010 T\u00edtulo: Mag\u00edster en Comunicaci\u00f3n Educativa Duraci\u00f3n del programa: 4 semestres acad\u00e9micos N\u00famero de cr\u00e9ditos: 50 cr\u00e9ditos acad\u00e9micos [&#8230;]<\/p>\n","protected":false},"author":1,"featured_media":0,"comment_status":"closed","ping_status":"closed","sticky":false,"template":"","format":"standard","meta":{"footnotes":""},"categories":[20],"tags":[],"class_list":["post-461","post","type-post","status-publish","format-standard","hentry","category-sin-categoria"],"_links":{"self":[{"href":"https:\/\/educacion.utp.edu.co\/maestria-en-comunicacion-educativa\/wp-json\/wp\/v2\/posts\/461","targetHints":{"allow":["GET"]}}],"collection":[{"href":"https:\/\/educacion.utp.edu.co\/maestria-en-comunicacion-educativa\/wp-json\/wp\/v2\/posts"}],"about":[{"href":"https:\/\/educacion.utp.edu.co\/maestria-en-comunicacion-educativa\/wp-json\/wp\/v2\/types\/post"}],"author":[{"embeddable":true,"href":"https:\/\/educacion.utp.edu.co\/maestria-en-comunicacion-educativa\/wp-json\/wp\/v2\/users\/1"}],"replies":[{"embeddable":true,"href":"https:\/\/educacion.utp.edu.co\/maestria-en-comunicacion-educativa\/wp-json\/wp\/v2\/comments?post=461"}],"version-history":[{"count":2,"href":"https:\/\/educacion.utp.edu.co\/maestria-en-comunicacion-educativa\/wp-json\/wp\/v2\/posts\/461\/revisions"}],"predecessor-version":[{"id":10169,"href":"https:\/\/educacion.utp.edu.co\/maestria-en-comunicacion-educativa\/wp-json\/wp\/v2\/posts\/461\/revisions\/10169"}],"wp:attachment":[{"href":"https:\/\/educacion.utp.edu.co\/maestria-en-comunicacion-educativa\/wp-json\/wp\/v2\/media?parent=461"}],"wp:term":[{"taxonomy":"category","embeddable":true,"href":"https:\/\/educacion.utp.edu.co\/maestria-en-comunicacion-educativa\/wp-json\/wp\/v2\/categories?post=461"},{"taxonomy":"post_tag","embeddable":true,"href":"https:\/\/educacion.utp.edu.co\/maestria-en-comunicacion-educativa\/wp-json\/wp\/v2\/tags?post=461"}],"curies":[{"name":"wp","href":"https:\/\/api.w.org\/{rel}","templated":true}]}}