{"id":474,"date":"2018-06-14T11:18:55","date_gmt":"2018-06-14T16:18:55","guid":{"rendered":"https:\/\/educacion.utp.edu.co\/comunicacion-educativa\/mision\/"},"modified":"2024-06-13T11:12:12","modified_gmt":"2024-06-13T16:12:12","slug":"horario","status":"publish","type":"post","link":"https:\/\/educacion.utp.edu.co\/maestria-en-comunicacion-educativa\/sin-categoria\/horario\/","title":{"rendered":"Horario, Duraci\u00f3n e Intensidad"},"content":{"rendered":"\n<figure class=\"wp-block-image size-full\"><img loading=\"lazy\" decoding=\"async\" width=\"2000\" height=\"300\" src=\"https:\/\/media2.utp.edu.co\/programas\/46\/Horario-1.jpg\" alt=\"\" class=\"wp-image-10432\" \/><\/figure>\n\n\n\n<p class=\"has-text-color has-link-color has-medium-font-size wp-elements-54d16188bcaf4749cf933242e61936dc\" style=\"color:#054164\">La duraci\u00f3n es de <strong>cuatro semestres<\/strong><\/p>\n\n\n\n<p class=\"has-text-color has-link-color has-medium-font-size wp-elements-3333551c7eb4914a90b12f7e161a4359\" style=\"color:#054164\">La intensidad es cada <strong>quince d\u00edas<\/strong><\/p>\n\n\n\n<p class=\"has-text-color has-link-color has-medium-font-size wp-elements-6ce5372d3848b1059d1628257ea59a3a\" style=\"color:#054164\">Los <strong>viernes<\/strong> de <strong>4:00 p.m.<\/strong> a <strong>8:00 p.m<\/strong>.<\/p>\n\n\n\n<p class=\"has-text-color has-link-color has-medium-font-size wp-elements-6eac17e82053f479cb18487750fbd168\" style=\"color:#054164\">Los <strong>s\u00e1bados<\/strong> de <strong>8:00 a.m.<\/strong> a <strong>4:00 p.m. <\/strong><\/p>\n\n\n\n<p class=\"has-text-color has-link-color wp-elements-92886acec75f7631e819b4ceb19c5b6e\" style=\"color:#054164\"><em>El programa en Comunicaci\u00f3n Educativa, tiene una duraci\u00f3n de 2 a\u00f1os esperando que en ese lapso de tiempo logre culminar la tesis de grado. Los m\u00f3dulos se componen de aspectos conceptuales-profundizaci\u00f3n, investigaci\u00f3n, TIC y electivas. Cada semestre tiene una duraci\u00f3n de 16 semanas, y el promedio por m\u00f3dulo son 36 horas.<\/em><\/p>\n","protected":false},"excerpt":{"rendered":"<p>La duraci\u00f3n es de cuatro semestres La intensidad es cada quince d\u00edas Los viernes de 4:00 p.m. a 8:00 p.m. Los s\u00e1bados de 8:00 a.m. a 4:00 p.m. El programa [&#8230;]<\/p>\n","protected":false},"author":62,"featured_media":0,"comment_status":"closed","ping_status":"closed","sticky":false,"template":"","format":"standard","meta":{"footnotes":""},"categories":[20],"tags":[],"class_list":["post-474","post","type-post","status-publish","format-standard","hentry","category-sin-categoria"],"_links":{"self":[{"href":"https:\/\/educacion.utp.edu.co\/maestria-en-comunicacion-educativa\/wp-json\/wp\/v2\/posts\/474","targetHints":{"allow":["GET"]}}],"collection":[{"href":"https:\/\/educacion.utp.edu.co\/maestria-en-comunicacion-educativa\/wp-json\/wp\/v2\/posts"}],"about":[{"href":"https:\/\/educacion.utp.edu.co\/maestria-en-comunicacion-educativa\/wp-json\/wp\/v2\/types\/post"}],"author":[{"embeddable":true,"href":"https:\/\/educacion.utp.edu.co\/maestria-en-comunicacion-educativa\/wp-json\/wp\/v2\/users\/62"}],"replies":[{"embeddable":true,"href":"https:\/\/educacion.utp.edu.co\/maestria-en-comunicacion-educativa\/wp-json\/wp\/v2\/comments?post=474"}],"version-history":[{"count":8,"href":"https:\/\/educacion.utp.edu.co\/maestria-en-comunicacion-educativa\/wp-json\/wp\/v2\/posts\/474\/revisions"}],"predecessor-version":[{"id":10437,"href":"https:\/\/educacion.utp.edu.co\/maestria-en-comunicacion-educativa\/wp-json\/wp\/v2\/posts\/474\/revisions\/10437"}],"wp:attachment":[{"href":"https:\/\/educacion.utp.edu.co\/maestria-en-comunicacion-educativa\/wp-json\/wp\/v2\/media?parent=474"}],"wp:term":[{"taxonomy":"category","embeddable":true,"href":"https:\/\/educacion.utp.edu.co\/maestria-en-comunicacion-educativa\/wp-json\/wp\/v2\/categories?post=474"},{"taxonomy":"post_tag","embeddable":true,"href":"https:\/\/educacion.utp.edu.co\/maestria-en-comunicacion-educativa\/wp-json\/wp\/v2\/tags?post=474"}],"curies":[{"name":"wp","href":"https:\/\/api.w.org\/{rel}","templated":true}]}}