{"id":475,"date":"2018-06-14T11:20:59","date_gmt":"2018-06-14T16:20:59","guid":{"rendered":"https:\/\/educacion.utp.edu.co\/comunicacion-educativa\/objetivos\/"},"modified":"2024-06-13T11:14:25","modified_gmt":"2024-06-13T16:14:25","slug":"objetivos-y-resultados","status":"publish","type":"post","link":"https:\/\/educacion.utp.edu.co\/maestria-en-comunicacion-educativa\/sin-categoria\/objetivos-y-resultados\/","title":{"rendered":"Objetivos y Resultados de Aprendizaje"},"content":{"rendered":"\n<figure class=\"wp-block-image size-full\"><img loading=\"lazy\" decoding=\"async\" width=\"2000\" height=\"300\" src=\"https:\/\/media2.utp.edu.co\/programas\/46\/Objetivos-y-resultados-1.jpg\" alt=\"\" class=\"wp-image-10438\" \/><\/figure>\n\n\n\n<p class=\"has-text-align-lefth has-x-large-font-size\" style=\"font-size:42px;font-weight:900;font-family: 'Segoe UI', Tahoma, Geneva, Verdana, sans-serif;text-align: lefth;color: #0197b1\">OBJETIVOS<\/p>\n\n\n\n<ul class=\"wp-block-list\">\n<li class=\"has-medium-font-size\">Estudiar y examinar diversas propuestas te\u00f3ricas y metodol\u00f3gicas en los campos de comunicaci\u00f3n y la educaci\u00f3n que entre otros deriven en modelos educativos y pr\u00e1cticos pedag\u00f3gicos transformadores.<\/li>\n\n\n\n<li class=\"has-medium-font-size\">Incursionar en el estudio y an\u00e1lisis de diferentes experiencias investigativas y pr\u00e1cticas de comunicaci\u00f3n educativa en Am\u00e9rica Latina.<\/li>\n\n\n\n<li class=\"has-medium-font-size\">Promover usos espec\u00edficos de los medios de comunicaci\u00f3n en proyectos educativos tanto en el campo de la educaci\u00f3n formal, como en el de la educaci\u00f3n continuada, articulando las actividades de an\u00e1lisis e investigaci\u00f3n con la producci\u00f3n.<\/li>\n\n\n\n<li class=\"has-medium-font-size\">Integrar los procesos de ense\u00f1anza aprendizaje como herramienta de trabajo, como apoyo y medio para desarrollar procesos intelectuales.<\/li>\n\n\n\n<li class=\"has-medium-font-size\">Crear contenidos curriculares no lineales usando las herramientas tecnol\u00f3gicas.<\/li>\n<\/ul>\n\n\n\n<p class=\"has-text-align-lefth has-x-large-font-size\" style=\"font-size:42px;font-weight:900;font-family: 'Segoe UI', Tahoma, Geneva, Verdana, sans-serif;text-align: lefth;color: #0197b1\">RESULTADOS DE APRENDIZAJE<\/p>\n\n\n\n<p class=\"has-medium-font-size\">Al finalizar el curso el participante ser\u00e1 capaz de:<\/p>\n\n\n\n<ul class=\"wp-block-list\">\n<li class=\"has-medium-font-size\">Participar activamente en equipos interdisciplinarios en el dise\u00f1o y producci\u00f3n de programas educativos y culturales en radio, televisi\u00f3n, impresos y otros.<\/li>\n\n\n\n<li class=\"has-medium-font-size\">Tener competencias y habilidades en investigaci\u00f3n en el campo de la Educaci\u00f3n y la Comunicaci\u00f3n.<\/li>\n\n\n\n<li class=\"has-medium-font-size\">Educador con mentalidad amplia que pueda adaptarse a los cambios continuos, trascender la rutina, y proponer soluciones a problemas escolares producto de los cambios culturales, comunicativos y educativos contempor\u00e1neos.<\/li>\n\n\n\n<li class=\"has-medium-font-size\">Proponer, desarrollar y ejecutar propuestas investigativas y de innovaci\u00f3n en el campo de educaci\u00f3n y comunicaci\u00f3n.<\/li>\n\n\n\n<li class=\"has-medium-font-size\">Ejercer el trabajo acad\u00e9mico (docencia, investigaci\u00f3n e interacci\u00f3n social) de manera creativa y orientada al desarrollo integral del ser humano en diferentes espacios y modalidades de educaci\u00f3n.<\/li>\n\n\n\n<li class=\"has-medium-font-size\">Participar en proyectos, grupos de investigaci\u00f3n relacionadas con las l\u00edneas de investigaci\u00f3n.<\/li>\n\n\n\n<li class=\"has-medium-font-size\">Participar en la concepci\u00f3n, desarrollo y ejecuci\u00f3n de programas educativos de diversa \u00edndole, movilizando visiones curriculares, modelos pedag\u00f3gicos y pr\u00e1cticas acordes con el car\u00e1cter de la comunicaci\u00f3n educativa.<\/li>\n<\/ul>\n\n\n\n<p class=\"has-medium-font-size\">Al finalizar el programa los participantes tendr\u00e1n las competencias y habilidades para desempe\u00f1arse en:<\/p>\n\n\n\n<ul class=\"wp-block-list\">\n<li class=\"has-medium-font-size\">Docente<\/li>\n\n\n\n<li class=\"has-medium-font-size\">Comunicador<\/li>\n\n\n\n<li class=\"has-medium-font-size\">Creador<\/li>\n\n\n\n<li class=\"has-medium-font-size\">investigador<\/li>\n<\/ul>\n","protected":false},"excerpt":{"rendered":"<p>OBJETIVOS RESULTADOS DE APRENDIZAJE Al finalizar el curso el participante ser\u00e1 capaz de: Al finalizar el programa los participantes tendr\u00e1n las competencias y habilidades para desempe\u00f1arse en:<\/p>\n","protected":false},"author":62,"featured_media":0,"comment_status":"closed","ping_status":"closed","sticky":false,"template":"","format":"standard","meta":{"footnotes":""},"categories":[20],"tags":[],"class_list":["post-475","post","type-post","status-publish","format-standard","hentry","category-sin-categoria"],"_links":{"self":[{"href":"https:\/\/educacion.utp.edu.co\/maestria-en-comunicacion-educativa\/wp-json\/wp\/v2\/posts\/475","targetHints":{"allow":["GET"]}}],"collection":[{"href":"https:\/\/educacion.utp.edu.co\/maestria-en-comunicacion-educativa\/wp-json\/wp\/v2\/posts"}],"about":[{"href":"https:\/\/educacion.utp.edu.co\/maestria-en-comunicacion-educativa\/wp-json\/wp\/v2\/types\/post"}],"author":[{"embeddable":true,"href":"https:\/\/educacion.utp.edu.co\/maestria-en-comunicacion-educativa\/wp-json\/wp\/v2\/users\/62"}],"replies":[{"embeddable":true,"href":"https:\/\/educacion.utp.edu.co\/maestria-en-comunicacion-educativa\/wp-json\/wp\/v2\/comments?post=475"}],"version-history":[{"count":4,"href":"https:\/\/educacion.utp.edu.co\/maestria-en-comunicacion-educativa\/wp-json\/wp\/v2\/posts\/475\/revisions"}],"predecessor-version":[{"id":10440,"href":"https:\/\/educacion.utp.edu.co\/maestria-en-comunicacion-educativa\/wp-json\/wp\/v2\/posts\/475\/revisions\/10440"}],"wp:attachment":[{"href":"https:\/\/educacion.utp.edu.co\/maestria-en-comunicacion-educativa\/wp-json\/wp\/v2\/media?parent=475"}],"wp:term":[{"taxonomy":"category","embeddable":true,"href":"https:\/\/educacion.utp.edu.co\/maestria-en-comunicacion-educativa\/wp-json\/wp\/v2\/categories?post=475"},{"taxonomy":"post_tag","embeddable":true,"href":"https:\/\/educacion.utp.edu.co\/maestria-en-comunicacion-educativa\/wp-json\/wp\/v2\/tags?post=475"}],"curies":[{"name":"wp","href":"https:\/\/api.w.org\/{rel}","templated":true}]}}