{"id":476,"date":"2018-06-14T11:38:06","date_gmt":"2018-06-14T16:38:06","guid":{"rendered":"https:\/\/educacion.utp.edu.co\/comunicacion-educativa\/resultados-de-aprendizaje\/"},"modified":"2024-10-24T11:05:01","modified_gmt":"2024-10-24T16:05:01","slug":"director-del-programa-2","status":"publish","type":"post","link":"https:\/\/educacion.utp.edu.co\/maestria-en-comunicacion-educativa\/sin-categoria\/director-del-programa-2\/","title":{"rendered":"Director del Programa"},"content":{"rendered":"\n<p><span class=\"post-content__span\"> <strong>Informaci\u00f3n de contacto<\/strong><\/p>\n\n\n\n<figure class=\"wp-block-table is-style-stripes\"><table><tbody><tr><td>Nombre completo del director del programa<\/td><td>Gonzaga Castro Arboleda<\/td><\/tr><tr><td>Correo electr\u00f3nico del Director<\/td><td>gonca@utp.edu.co<\/td><\/tr><tr><td>Nombre del programa acad\u00e9mico de posgrado<\/td><td>Maestr\u00eda en Comunicaci\u00f3n Educativa<\/td><\/tr><tr><td>Adscrito a la facultad de:<\/td><td>Facultad de Ciencias de la Educaci\u00f3n<\/td><\/tr><tr><td><\/td><\/tr><\/tbody><\/table><\/figure>\n","protected":false},"excerpt":{"rendered":"<p>Informaci\u00f3n de contacto Nombre completo del director del programa Gonzaga Castro Arboleda Correo electr\u00f3nico del Director gonca@utp.edu.co Nombre del programa acad\u00e9mico de posgrado Maestr\u00eda en Comunicaci\u00f3n Educativa Adscrito a la [&#8230;]<\/p>\n","protected":false},"author":62,"featured_media":0,"comment_status":"closed","ping_status":"closed","sticky":false,"template":"","format":"standard","meta":{"footnotes":""},"categories":[20],"tags":[],"class_list":["post-476","post","type-post","status-publish","format-standard","hentry","category-sin-categoria"],"_links":{"self":[{"href":"https:\/\/educacion.utp.edu.co\/maestria-en-comunicacion-educativa\/wp-json\/wp\/v2\/posts\/476","targetHints":{"allow":["GET"]}}],"collection":[{"href":"https:\/\/educacion.utp.edu.co\/maestria-en-comunicacion-educativa\/wp-json\/wp\/v2\/posts"}],"about":[{"href":"https:\/\/educacion.utp.edu.co\/maestria-en-comunicacion-educativa\/wp-json\/wp\/v2\/types\/post"}],"author":[{"embeddable":true,"href":"https:\/\/educacion.utp.edu.co\/maestria-en-comunicacion-educativa\/wp-json\/wp\/v2\/users\/62"}],"replies":[{"embeddable":true,"href":"https:\/\/educacion.utp.edu.co\/maestria-en-comunicacion-educativa\/wp-json\/wp\/v2\/comments?post=476"}],"version-history":[{"count":3,"href":"https:\/\/educacion.utp.edu.co\/maestria-en-comunicacion-educativa\/wp-json\/wp\/v2\/posts\/476\/revisions"}],"predecessor-version":[{"id":10490,"href":"https:\/\/educacion.utp.edu.co\/maestria-en-comunicacion-educativa\/wp-json\/wp\/v2\/posts\/476\/revisions\/10490"}],"wp:attachment":[{"href":"https:\/\/educacion.utp.edu.co\/maestria-en-comunicacion-educativa\/wp-json\/wp\/v2\/media?parent=476"}],"wp:term":[{"taxonomy":"category","embeddable":true,"href":"https:\/\/educacion.utp.edu.co\/maestria-en-comunicacion-educativa\/wp-json\/wp\/v2\/categories?post=476"},{"taxonomy":"post_tag","embeddable":true,"href":"https:\/\/educacion.utp.edu.co\/maestria-en-comunicacion-educativa\/wp-json\/wp\/v2\/tags?post=476"}],"curies":[{"name":"wp","href":"https:\/\/api.w.org\/{rel}","templated":true}]}}