{"id":482,"date":"2018-06-14T14:11:45","date_gmt":"2018-06-14T19:11:45","guid":{"rendered":"https:\/\/educacion.utp.edu.co\/comunicacion-educativa\/descuentos-y-financiacion\/"},"modified":"2024-06-13T11:25:46","modified_gmt":"2024-06-13T16:25:46","slug":"perfil-de-formacionn","status":"publish","type":"post","link":"https:\/\/educacion.utp.edu.co\/maestria-en-comunicacion-educativa\/sin-categoria\/perfil-de-formacionn\/","title":{"rendered":"Perfil de Formaci\u00f3n"},"content":{"rendered":"\n<figure class=\"wp-block-image size-full\"><img loading=\"lazy\" decoding=\"async\" width=\"2000\" height=\"300\" src=\"https:\/\/media2.utp.edu.co\/programas\/46\/perfil-de-formacion-2.jpg\" alt=\"\" class=\"wp-image-10449\" \/><\/figure>\n\n\n\n<p class=\"has-medium-font-size\">El programa de Maestr\u00eda en Comunicaci\u00f3n Educativa de la Universidad Tecnol\u00f3gica de Pereira est\u00e1 dirigido a todos los profesionales que est\u00e9n ejerciendo o piensan hacerlo en el campo docente, medi\u00e1tico, creadores, porque el hilo conductor del programa es pensar la educaci\u00f3n y la comunicaci\u00f3n como procesos comunicativos-educativos.<\/p>\n\n\n\n<p class=\"has-medium-font-size\">La maestr\u00eda viene acompa\u00f1ada de un componente investigativo el cual le permitir\u00e1 a sus estudiantes y&nbsp;egresados el exponerse en el escenario acad\u00e9mico, permiti\u00e9ndole conocer lentes y apuestas te\u00f3ricas que viene acompa\u00f1adas de las l\u00edneas de investigaci\u00f3n.<\/p>\n","protected":false},"excerpt":{"rendered":"<p>El programa de Maestr\u00eda en Comunicaci\u00f3n Educativa de la Universidad Tecnol\u00f3gica de Pereira est\u00e1 dirigido a todos los profesionales que est\u00e9n ejerciendo o piensan hacerlo en el campo docente, medi\u00e1tico, [&#8230;]<\/p>\n","protected":false},"author":62,"featured_media":0,"comment_status":"closed","ping_status":"closed","sticky":false,"template":"","format":"standard","meta":{"footnotes":""},"categories":[20],"tags":[],"class_list":["post-482","post","type-post","status-publish","format-standard","hentry","category-sin-categoria"],"_links":{"self":[{"href":"https:\/\/educacion.utp.edu.co\/maestria-en-comunicacion-educativa\/wp-json\/wp\/v2\/posts\/482","targetHints":{"allow":["GET"]}}],"collection":[{"href":"https:\/\/educacion.utp.edu.co\/maestria-en-comunicacion-educativa\/wp-json\/wp\/v2\/posts"}],"about":[{"href":"https:\/\/educacion.utp.edu.co\/maestria-en-comunicacion-educativa\/wp-json\/wp\/v2\/types\/post"}],"author":[{"embeddable":true,"href":"https:\/\/educacion.utp.edu.co\/maestria-en-comunicacion-educativa\/wp-json\/wp\/v2\/users\/62"}],"replies":[{"embeddable":true,"href":"https:\/\/educacion.utp.edu.co\/maestria-en-comunicacion-educativa\/wp-json\/wp\/v2\/comments?post=482"}],"version-history":[{"count":5,"href":"https:\/\/educacion.utp.edu.co\/maestria-en-comunicacion-educativa\/wp-json\/wp\/v2\/posts\/482\/revisions"}],"predecessor-version":[{"id":10450,"href":"https:\/\/educacion.utp.edu.co\/maestria-en-comunicacion-educativa\/wp-json\/wp\/v2\/posts\/482\/revisions\/10450"}],"wp:attachment":[{"href":"https:\/\/educacion.utp.edu.co\/maestria-en-comunicacion-educativa\/wp-json\/wp\/v2\/media?parent=482"}],"wp:term":[{"taxonomy":"category","embeddable":true,"href":"https:\/\/educacion.utp.edu.co\/maestria-en-comunicacion-educativa\/wp-json\/wp\/v2\/categories?post=482"},{"taxonomy":"post_tag","embeddable":true,"href":"https:\/\/educacion.utp.edu.co\/maestria-en-comunicacion-educativa\/wp-json\/wp\/v2\/tags?post=482"}],"curies":[{"name":"wp","href":"https:\/\/api.w.org\/{rel}","templated":true}]}}