{"id":52,"date":"2015-11-03T10:23:17","date_gmt":"2015-11-03T15:23:17","guid":{"rendered":"https:\/\/educacion.utp.edu.co\/comunicacion-educativa\/tendenciaresiduo\/"},"modified":"2022-08-11T09:46:52","modified_gmt":"2022-08-11T14:46:52","slug":"tendenciaresiduo","status":"publish","type":"post","link":"https:\/\/educacion.utp.edu.co\/maestria-en-comunicacion-educativa\/sin-categoria\/tendenciaresiduo\/","title":{"rendered":"Tendencia\/Residuo"},"content":{"rendered":"\n<p><span class=\"post-content__span\"> TENDENCIA\/RESIDUO: UNIDAD INDISOLUBLE PARA LEER LA&nbsp;REALIDAD COMO CONSTRUCCI\u00d3N SOCIAL<\/p>\n\n\n\n<p><span class=\"post-content__span\"> El tema &nbsp;mencionado arriba, es &nbsp;el fruto de la investigaci\u00f3n titulada \u201cPereira una mirada&nbsp;desde el residuo: entre la evanescencia y la emergencia\u201d (2009-2014). La cual fue &nbsp;financiada por la vicerrector\u00eda de investigaciones, extensi\u00f3n e innovaci\u00f3n de la Universidad &nbsp;Tecnol\u00f3gica de Pereira.<\/p>\n\n\n\n<p><span class=\"post-content__span\"> La premisa te\u00f3rica que gu\u00edo la investigaci\u00f3n fue: \u201cla realidad es una construcci\u00f3n social y&nbsp;los imaginarios urbanos son una v\u00eda de crear dicha realidad\u201d. La metodolog\u00eda fue&nbsp;comparativa: resultados de la investigaci\u00f3n Pereira Imaginada 2009 y resultados de&nbsp;Pereira Imaginada 2014, en concreto los residuos (no imaginarios) que se encontraron en&nbsp;la percepci\u00f3n ciudadana en 2009 y los residuos del 2014, &nbsp;dio &nbsp;lo siguiente:<\/p>\n\n\n\n<p><span class=\"post-content__span\"> a. En 2014, el residuo del 2009 se convirti\u00f3 en tendencia.&nbsp;<\/p>\n\n\n\n<p><span class=\"post-content__span\"> b. El residuo 2009, contin\u00faa siendo residuo en el 2014.&nbsp;<\/p>\n\n\n\n<p><span class=\"post-content__span\"> c. La tendencia 2009 se convirti\u00f3 en residuo 2014.&nbsp;<\/p>\n\n\n\n<p><span class=\"post-content__span\"> d. Aumenta el residuo, &nbsp;puede pasar a tendencia en el futuro&nbsp;<\/p>\n\n\n\n<p><span class=\"post-content__span\"> e. El residuo 2009, desaparece.<\/p>\n\n\n\n<p><span class=\"post-content__span\"> Estos resultados evidencian el dinamismo y movimientos de los imaginarios y por ende de&nbsp;la realidad, en consecuencia, trae aplicaciones prospectivas en la visi\u00f3n de ciudad.<\/p>\n\n\n\n<p><span class=\"post-content__span\"> <object><\/object><\/p>\n","protected":false},"excerpt":{"rendered":"<p>TENDENCIA\/RESIDUO: UNIDAD INDISOLUBLE PARA LEER LA&nbsp;REALIDAD COMO CONSTRUCCI\u00d3N SOCIAL El tema &nbsp;mencionado arriba, es &nbsp;el fruto de la investigaci\u00f3n titulada \u201cPereira una mirada&nbsp;desde el residuo: entre la evanescencia y la [&#8230;]<\/p>\n","protected":false},"author":1,"featured_media":0,"comment_status":"closed","ping_status":"closed","sticky":false,"template":"","format":"standard","meta":{"footnotes":""},"categories":[20],"tags":[],"class_list":["post-52","post","type-post","status-publish","format-standard","hentry","category-sin-categoria"],"_links":{"self":[{"href":"https:\/\/educacion.utp.edu.co\/maestria-en-comunicacion-educativa\/wp-json\/wp\/v2\/posts\/52","targetHints":{"allow":["GET"]}}],"collection":[{"href":"https:\/\/educacion.utp.edu.co\/maestria-en-comunicacion-educativa\/wp-json\/wp\/v2\/posts"}],"about":[{"href":"https:\/\/educacion.utp.edu.co\/maestria-en-comunicacion-educativa\/wp-json\/wp\/v2\/types\/post"}],"author":[{"embeddable":true,"href":"https:\/\/educacion.utp.edu.co\/maestria-en-comunicacion-educativa\/wp-json\/wp\/v2\/users\/1"}],"replies":[{"embeddable":true,"href":"https:\/\/educacion.utp.edu.co\/maestria-en-comunicacion-educativa\/wp-json\/wp\/v2\/comments?post=52"}],"version-history":[{"count":1,"href":"https:\/\/educacion.utp.edu.co\/maestria-en-comunicacion-educativa\/wp-json\/wp\/v2\/posts\/52\/revisions"}],"predecessor-version":[{"id":860,"href":"https:\/\/educacion.utp.edu.co\/maestria-en-comunicacion-educativa\/wp-json\/wp\/v2\/posts\/52\/revisions\/860"}],"wp:attachment":[{"href":"https:\/\/educacion.utp.edu.co\/maestria-en-comunicacion-educativa\/wp-json\/wp\/v2\/media?parent=52"}],"wp:term":[{"taxonomy":"category","embeddable":true,"href":"https:\/\/educacion.utp.edu.co\/maestria-en-comunicacion-educativa\/wp-json\/wp\/v2\/categories?post=52"},{"taxonomy":"post_tag","embeddable":true,"href":"https:\/\/educacion.utp.edu.co\/maestria-en-comunicacion-educativa\/wp-json\/wp\/v2\/tags?post=52"}],"curies":[{"name":"wp","href":"https:\/\/api.w.org\/{rel}","templated":true}]}}