{"id":571,"date":"2019-01-31T12:11:40","date_gmt":"2019-01-31T17:11:40","guid":{"rendered":"https:\/\/educacion.utp.edu.co\/comunicacion-educativa\/ubicacion-de-la-maestria-en-comunicacion-educativa\/"},"modified":"2022-09-12T16:29:15","modified_gmt":"2022-09-12T21:29:15","slug":"ubicacion-de-la-maestria-en-comunicacion-educativa","status":"publish","type":"post","link":"https:\/\/educacion.utp.edu.co\/maestria-en-comunicacion-educativa\/informacion-general\/ubicacion-de-la-maestria-en-comunicacion-educativa\/","title":{"rendered":"UBICACI\u00d3N  DE LA MAESTR\u00cdA EN COMUNICACI\u00d3N EDUCATIVA"},"content":{"rendered":"<div class=\"wp-block-image\">\n<figure class=\"aligncenter\"><img decoding=\"async\" src=\"https:\/\/media2.utp.edu.co\/programas\/46\/formacion-avanzada.jpg\" alt=\"\"\/><\/figure>\n<\/div>\n\n\n<p><span class=\"post-content__span\"> <span>Se le&nbsp; informa a la comunidad acad\u00e9mica que la oficina de Maestr\u00eda en Comunicaci\u00f3n Educativa se encuentra ubicada en el <strong>edificio 7A oficina 115<\/strong> del campus universitario de la Universidad Tecnologica de Pereira.<\/span><\/p>\n","protected":false},"excerpt":{"rendered":"<p>Se le&nbsp; informa a la comunidad acad\u00e9mica que la oficina de Maestr\u00eda en Comunicaci\u00f3n Educativa se encuentra ubicada en el edificio 7A oficina 115 del campus universitario de la Universidad [&#8230;]<\/p>\n","protected":false},"author":1,"featured_media":10032,"comment_status":"closed","ping_status":"closed","sticky":false,"template":"","format":"standard","meta":{"footnotes":""},"categories":[12],"tags":[],"class_list":["post-571","post","type-post","status-publish","format-standard","has-post-thumbnail","hentry","category-informacion-general"],"_links":{"self":[{"href":"https:\/\/educacion.utp.edu.co\/maestria-en-comunicacion-educativa\/wp-json\/wp\/v2\/posts\/571","targetHints":{"allow":["GET"]}}],"collection":[{"href":"https:\/\/educacion.utp.edu.co\/maestria-en-comunicacion-educativa\/wp-json\/wp\/v2\/posts"}],"about":[{"href":"https:\/\/educacion.utp.edu.co\/maestria-en-comunicacion-educativa\/wp-json\/wp\/v2\/types\/post"}],"author":[{"embeddable":true,"href":"https:\/\/educacion.utp.edu.co\/maestria-en-comunicacion-educativa\/wp-json\/wp\/v2\/users\/1"}],"replies":[{"embeddable":true,"href":"https:\/\/educacion.utp.edu.co\/maestria-en-comunicacion-educativa\/wp-json\/wp\/v2\/comments?post=571"}],"version-history":[{"count":1,"href":"https:\/\/educacion.utp.edu.co\/maestria-en-comunicacion-educativa\/wp-json\/wp\/v2\/posts\/571\/revisions"}],"predecessor-version":[{"id":10152,"href":"https:\/\/educacion.utp.edu.co\/maestria-en-comunicacion-educativa\/wp-json\/wp\/v2\/posts\/571\/revisions\/10152"}],"wp:featuredmedia":[{"embeddable":true,"href":"https:\/\/educacion.utp.edu.co\/maestria-en-comunicacion-educativa\/wp-json\/wp\/v2\/media\/10032"}],"wp:attachment":[{"href":"https:\/\/educacion.utp.edu.co\/maestria-en-comunicacion-educativa\/wp-json\/wp\/v2\/media?parent=571"}],"wp:term":[{"taxonomy":"category","embeddable":true,"href":"https:\/\/educacion.utp.edu.co\/maestria-en-comunicacion-educativa\/wp-json\/wp\/v2\/categories?post=571"},{"taxonomy":"post_tag","embeddable":true,"href":"https:\/\/educacion.utp.edu.co\/maestria-en-comunicacion-educativa\/wp-json\/wp\/v2\/tags?post=571"}],"curies":[{"name":"wp","href":"https:\/\/api.w.org\/{rel}","templated":true}]}}