{"id":286,"date":"2018-05-15T09:51:33","date_gmt":"2018-05-15T14:51:33","guid":{"rendered":"https:\/\/educacion.utp.edu.co\/educacion\/2018\/05\/15\/estructura-curricular\/"},"modified":"2024-06-14T10:44:19","modified_gmt":"2024-06-14T15:44:19","slug":"estructura-curricular","status":"publish","type":"post","link":"https:\/\/educacion.utp.edu.co\/maestria-en-educacion\/sin-categoria\/estructura-curricular\/","title":{"rendered":"Estructura Curricular"},"content":{"rendered":"\n<figure class=\"wp-block-image size-full\"><img loading=\"lazy\" decoding=\"async\" width=\"2000\" height=\"300\" src=\"https:\/\/media2.utp.edu.co\/programas\/47\/linea-de-investigacion-1.jpg\" alt=\"\" class=\"wp-image-10697\" \/><\/figure>\n\n\n\n<p><span class=\"post-content__span\"> <span>La propuesta curricular del programa tiene una estructura integrada en cuatro n\u00facleos de formaci\u00f3n que tienen como prop\u00f3sito la formaci\u00f3n de profesores reflexivos, que indagan en los saberes que ense\u00f1an. Los n\u00facleos son: investigaci\u00f3n pedag\u00f3gica y educativa,desarrollo humano, pedagog\u00eda y did\u00e1cticas, en este \u00faltimo se abordan las l\u00edneas de profundizaci\u00f3n<\/span>.<\/p>\n\n\n\n<figure class=\"wp-block-image size-large\"><img decoding=\"async\" src=\"https:\/\/media2.utp.edu.co\/programas\/47\/Estructura%20Curricular(1).jpg\" alt=\"\" \/><\/figure>\n\n\n\n<h4 class=\"wp-block-heading\">&nbsp;<\/h4>\n","protected":false},"excerpt":{"rendered":"<p>La propuesta curricular del programa tiene una estructura integrada en cuatro n\u00facleos de formaci\u00f3n que tienen como prop\u00f3sito la formaci\u00f3n de profesores reflexivos, que indagan en los saberes que ense\u00f1an. [&#8230;]<\/p>\n","protected":false},"author":1,"featured_media":0,"comment_status":"closed","ping_status":"closed","sticky":false,"template":"","format":"standard","meta":{"footnotes":""},"categories":[1],"tags":[],"class_list":["post-286","post","type-post","status-publish","format-standard","hentry","category-sin-categoria"],"_links":{"self":[{"href":"https:\/\/educacion.utp.edu.co\/maestria-en-educacion\/wp-json\/wp\/v2\/posts\/286","targetHints":{"allow":["GET"]}}],"collection":[{"href":"https:\/\/educacion.utp.edu.co\/maestria-en-educacion\/wp-json\/wp\/v2\/posts"}],"about":[{"href":"https:\/\/educacion.utp.edu.co\/maestria-en-educacion\/wp-json\/wp\/v2\/types\/post"}],"author":[{"embeddable":true,"href":"https:\/\/educacion.utp.edu.co\/maestria-en-educacion\/wp-json\/wp\/v2\/users\/1"}],"replies":[{"embeddable":true,"href":"https:\/\/educacion.utp.edu.co\/maestria-en-educacion\/wp-json\/wp\/v2\/comments?post=286"}],"version-history":[{"count":4,"href":"https:\/\/educacion.utp.edu.co\/maestria-en-educacion\/wp-json\/wp\/v2\/posts\/286\/revisions"}],"predecessor-version":[{"id":10699,"href":"https:\/\/educacion.utp.edu.co\/maestria-en-educacion\/wp-json\/wp\/v2\/posts\/286\/revisions\/10699"}],"wp:attachment":[{"href":"https:\/\/educacion.utp.edu.co\/maestria-en-educacion\/wp-json\/wp\/v2\/media?parent=286"}],"wp:term":[{"taxonomy":"category","embeddable":true,"href":"https:\/\/educacion.utp.edu.co\/maestria-en-educacion\/wp-json\/wp\/v2\/categories?post=286"},{"taxonomy":"post_tag","embeddable":true,"href":"https:\/\/educacion.utp.edu.co\/maestria-en-educacion\/wp-json\/wp\/v2\/tags?post=286"}],"curies":[{"name":"wp","href":"https:\/\/api.w.org\/{rel}","templated":true}]}}