{"id":18,"date":"2014-10-29T09:09:28","date_gmt":"2014-10-29T14:09:28","guid":{"rendered":"https:\/\/educacion.utp.edu.co\/historia\/sin-categoria\/resultados-de-aprendizaje\/"},"modified":"2024-02-18T15:46:34","modified_gmt":"2024-02-18T20:46:34","slug":"docentes-del-programa","status":"publish","type":"post","link":"https:\/\/educacion.utp.edu.co\/maestria-en-historia\/sin-categoria\/docentes-del-programa\/","title":{"rendered":"Docentes del Programa"},"content":{"rendered":"\n<h2 class=\"wp-block-heading\">Docentes de Planta<\/h2>\n\n\n\n<figure class=\"wp-block-table table table-striped is-style-stripes\"><table><tbody><tr><td><strong>DOCENTE<\/strong><\/td><td><strong>DEDICACI\u00d3N<\/strong><\/td><td><strong>DESCRIPCI\u00d3N<\/strong><\/td><\/tr><tr><td>Jhon Jaime Correa Ram\u00edrez<\/td><td>Titular<\/td><td>\n<p><span class=\"post-content__span\"> Doctor en Ciencias de la Educaci\u00f3n.<br>\n\t\t\tMagister en Ciencia Pol\u00edtica.<\/p>\n<p><span class=\"post-content__span\"> Especialista en Gesti\u00f3n y Promoci\u00f3n Cultural.<br>\n\t\t\tPregrado Universitario en Historia.<\/p>\n<\/td><\/tr><tr><td>Alberto Antonio Ber\u00f3n Ospina<\/td><td>Titular<\/td><td>Doctor en Historia de Am\u00e9rica latina.<br>\n\t\t\tMagister en Comunicaci\u00f3n Educativa.<br>\n\t\t\tMagister en Historia de Am\u00e9rica Latina.<br>\n\t\t\tEspecialista en Lectura e Historia.<br>\n\t\t\tPregrado&nbsp; Universitario en Filosof\u00eda y Letras.<\/td><\/tr><tr><td>Carlos Alfonso Victoria Mena<\/td><td>Titular<\/td><td>Magister en Historia<br>\n\t\t\tEspecialista en Gobierno y Pol\u00edticas Publicas<br>\n\t\t\tPregrado Universitario en Espa\u00f1ol y Comunicaci\u00f3n<br>\n\t\t\tAudiovisual.<\/td><\/tr><tr><td>Sebasti\u00e1n Mart\u00ednez Botero<\/td><td>Titular<\/td><td>Doctorado Historia de Am\u00e9rica Latina: Mundos Ind\u00edgenas.<br>\n\t\t\tMagister en Historia de Am\u00e9rica Latina<br>\n\t\t\tMagister de Historia del Mundo Hisp\u00e1nico: Las<br>\n\t\t\tindependencias iberoamericanas<br>\n\t\t\tPregrado Universitario en Historia<\/td><\/tr><\/tbody><\/table><\/figure>\n\n\n\n<h2 class=\"wp-block-heading\">Docentes de C\u00e1tedra<\/h2>\n\n\n\n<figure class=\"wp-block-table table table-striped is-style-stripes\"><table><tbody><tr><td><strong>DOCENTE<\/strong><\/td><td><strong>DEDICACI\u00d3N<\/strong><\/td><td><strong>DESCRIPCI\u00d3N<\/strong><\/td><\/tr><tr><td>Alexander Betancourt Mendieta<\/td><td>Asistente<\/td><td>Doctorado en Estudios Latinoamericanos.<br>\n\t\t\tMagister en Estudios Latinoamericanos.<br>\n\t\t\tPregrado Universitario Licenciatura en Filosof\u00eda y Letras.<\/td><\/tr><tr><td>\u00c1lvaro Acevedo Tarazona<\/td><td>Asistente<\/td><td>Doctorado en Transiciones, Cambios y Permanencias en las Sociedades Modernas y Contempor\u00e1neas de Europa y Am\u00e9rica Latina.<br>\n\t\t\tMagister en Historia de Am\u00e9rica Latina<br>\n\t\t\tMagister en Historia.<br>\n\t\t\tEspecialista en Docencia en Historia y Cultura de Am\u00e9rica Latina.<br>\n\t\t\tEspecializaci\u00f3n en Docencia Universitaria.<br>\n\t\t\tEspecialista en Filosof\u00eda de las Ciencias<br>\n\t\t\tPregrado Universitario en Historia<\/td><\/tr><tr><td>Juan Sebasti\u00e1n G\u00f3mez<br>\n\t\t\tGonz\u00e1lez<\/td><td>Asistente<\/td><td>Doctor en Estudios Latinoamericanos.<br>\n\t\t\tMagister en Estudios Latinoamericanos.<br>\n\t\t\tPregrado Universitario en Historia.<\/td><\/tr><tr><td>Hugues Rafael S\u00e1nchez Mej\u00eda<\/td><td>Asistente<\/td><td>Doctorado en Historia de Am\u00e9rica Latina<br>\n\t\t\tPregrado Universitario en Historia<\/td><\/tr><tr><td>Jaime Eduardo Londo\u00f1o Motta<\/td><td>Asistente<\/td><td>Doctorado en Historia<br>\n\t\t\tMagister en Historia<br>\n\t\t\tPregrado Universitario en Historia<\/td><\/tr><tr><td>Renzo Ram\u00edrez Bacca<\/td><td>Asistente<\/td><td>\n<p><span class=\"post-content__span\"> Doctorado en Historia<\/p>\n<p><span class=\"post-content__span\"> Pregrado Universitario en Historia Universal<\/p>\n<\/td><\/tr><tr><td>Albeiro Valencia Llano<\/td><td>Asistente<\/td><td>\n<p><span class=\"post-content__span\"> Doctorado en Historia<\/p>\n<p><span class=\"post-content__span\"> Pregrado Universitario Ciencias Sociales.<\/p>\n<\/td><\/tr><tr><td>Luis Fernando S\u00e1nchez<br>\n\t\t\tJaramillo<\/td><td>Asistente<\/td><td>Doctorado en Historia<br>\n\t\t\tMagister en Filosof\u00eda de la Ciencia<br>\n\t\t\tMagister en Gesti\u00f3n de Documentos y Administraci\u00f3n<br>\n\t\t\tPregrado Universitario en Ciencias Sociales<\/td><\/tr><tr><td>Vladimir Daza Villar<\/td><td>Asistente<\/td><td>Pregrado Historiador<br>\n\t\t\tMagister en Historia<\/td><\/tr><tr><td>Sonia Milena Jaimes Pe\u00f1aloza<\/td><td>Asistente<\/td><td>Doctorado en Historia Latinoamericana<br>\n\t\t\tMagister en Historia de la Universidad Nacional de Colombia&nbsp; Sede Bogot\u00e1<br>\n\t\t\tPregrado Universitario<br>\n\t\t\tLicenciatura en Historia<\/td><\/tr><tr><td>Paula Tatiana Pantoja Suarez<\/td><td>Asistente<\/td><td>Magister en Educaci\u00f3n<br>\n\t\t\tPregrado Universitario<br>\n\t\t\tLicenciada en Ciencias Sociales.<\/td><\/tr><tr><td>Jaime Montoya Ferrer<\/td><td>Asistente<\/td><td>\n<p><span class=\"post-content__span\"> Pregrado&nbsp; Administrador de Negocios<\/p>\n<p><span class=\"post-content__span\"> Magister en Historia<\/p>\n<\/td><\/tr><tr><td>V\u00edctor Zuluaga G\u00f3mez<\/td><td>Asistente<\/td><td>Magister en Ciencias Pol\u00edticas<br>\n\t\t\tPregrado Universitario Historia<\/td><\/tr><tr><td>Wilder Andr\u00e9s Carrero<br>\n\t\t\tDelgado<\/td><td>Asistente<\/td><td>Magister en Sociolog\u00eda<br>\n\t\t\tEspecialista en Did\u00e1ctica de la Docencia Virtual<br>\n\t\t\tPregrado Universitario Historia<\/td><\/tr><\/tbody><\/table><\/figure>\n","protected":false},"excerpt":{"rendered":"<p>Docentes de Planta DOCENTE DEDICACI\u00d3N DESCRIPCI\u00d3N Jhon Jaime Correa Ram\u00edrez Titular Doctor en Ciencias de la Educaci\u00f3n. Magister en Ciencia Pol\u00edtica. Especialista en Gesti\u00f3n y Promoci\u00f3n Cultural. Pregrado Universitario en [&#8230;]<\/p>\n","protected":false},"author":62,"featured_media":0,"comment_status":"closed","ping_status":"closed","sticky":false,"template":"","format":"standard","meta":{"footnotes":""},"categories":[1],"tags":[],"class_list":["post-18","post","type-post","status-publish","format-standard","hentry","category-sin-categoria"],"_links":{"self":[{"href":"https:\/\/educacion.utp.edu.co\/maestria-en-historia\/wp-json\/wp\/v2\/posts\/18","targetHints":{"allow":["GET"]}}],"collection":[{"href":"https:\/\/educacion.utp.edu.co\/maestria-en-historia\/wp-json\/wp\/v2\/posts"}],"about":[{"href":"https:\/\/educacion.utp.edu.co\/maestria-en-historia\/wp-json\/wp\/v2\/types\/post"}],"author":[{"embeddable":true,"href":"https:\/\/educacion.utp.edu.co\/maestria-en-historia\/wp-json\/wp\/v2\/users\/62"}],"replies":[{"embeddable":true,"href":"https:\/\/educacion.utp.edu.co\/maestria-en-historia\/wp-json\/wp\/v2\/comments?post=18"}],"version-history":[{"count":2,"href":"https:\/\/educacion.utp.edu.co\/maestria-en-historia\/wp-json\/wp\/v2\/posts\/18\/revisions"}],"predecessor-version":[{"id":10335,"href":"https:\/\/educacion.utp.edu.co\/maestria-en-historia\/wp-json\/wp\/v2\/posts\/18\/revisions\/10335"}],"wp:attachment":[{"href":"https:\/\/educacion.utp.edu.co\/maestria-en-historia\/wp-json\/wp\/v2\/media?parent=18"}],"wp:term":[{"taxonomy":"category","embeddable":true,"href":"https:\/\/educacion.utp.edu.co\/maestria-en-historia\/wp-json\/wp\/v2\/categories?post=18"},{"taxonomy":"post_tag","embeddable":true,"href":"https:\/\/educacion.utp.edu.co\/maestria-en-historia\/wp-json\/wp\/v2\/tags?post=18"}],"curies":[{"name":"wp","href":"https:\/\/api.w.org\/{rel}","templated":true}]}}