{"id":251,"date":"2022-07-27T11:10:18","date_gmt":"2022-07-27T16:10:18","guid":{"rendered":"https:\/\/educacion.utp.edu.co\/historia\/sin-categoria\/eleccion-de-representante-de-las-y-los-egresados\/"},"modified":"2022-08-12T10:37:04","modified_gmt":"2022-08-12T15:37:04","slug":"eleccion-de-representante-de-las-y-los-egresados","status":"publish","type":"post","link":"https:\/\/educacion.utp.edu.co\/maestria-en-historia\/noticias\/eleccion-de-representante-de-las-y-los-egresados\/","title":{"rendered":"Elecci\u00f3n de representante de las y los egresados"},"content":{"rendered":"\n<div>\n<div dir=\"auto\">Hasta el pr\u00f3ximo 5 de agosto est\u00e1 abierto el plazo de inscripciones para la representaci\u00f3n de las y los egresados ante el Comit\u00e9 Curricular de la Maestr\u00eda en Historia. Para formalizar la postulaci\u00f3n, las personas interesadas deben hacer llegar a la Asociaci\u00f3n de Egresados de la Universidad Tecnol\u00f3gica de Pereira a trav\u00e9s del correo electr\u00f3nico aseutp@utp.edu.co, su hoja de vida y propuesta de vinculaci\u00f3n.<\/div>\n<\/div>\n\n\n\n<div>\n<div dir=\"auto\">M\u00e1s informaci\u00f3n <\/div><\/div>\n","protected":false},"excerpt":{"rendered":"<p>Hasta el pr\u00f3ximo 5 de agosto est\u00e1 abierto el plazo de inscripciones para la representaci\u00f3n de las y los egresados ante el Comit\u00e9 Curricular de la Maestr\u00eda en Historia. Para [&#8230;]<\/p>\n","protected":false},"author":1,"featured_media":10003,"comment_status":"closed","ping_status":"closed","sticky":false,"template":"","format":"standard","meta":{"footnotes":""},"categories":[4],"tags":[],"class_list":["post-251","post","type-post","status-publish","format-standard","has-post-thumbnail","hentry","category-noticias"],"_links":{"self":[{"href":"https:\/\/educacion.utp.edu.co\/maestria-en-historia\/wp-json\/wp\/v2\/posts\/251","targetHints":{"allow":["GET"]}}],"collection":[{"href":"https:\/\/educacion.utp.edu.co\/maestria-en-historia\/wp-json\/wp\/v2\/posts"}],"about":[{"href":"https:\/\/educacion.utp.edu.co\/maestria-en-historia\/wp-json\/wp\/v2\/types\/post"}],"author":[{"embeddable":true,"href":"https:\/\/educacion.utp.edu.co\/maestria-en-historia\/wp-json\/wp\/v2\/users\/1"}],"replies":[{"embeddable":true,"href":"https:\/\/educacion.utp.edu.co\/maestria-en-historia\/wp-json\/wp\/v2\/comments?post=251"}],"version-history":[{"count":1,"href":"https:\/\/educacion.utp.edu.co\/maestria-en-historia\/wp-json\/wp\/v2\/posts\/251\/revisions"}],"predecessor-version":[{"id":10006,"href":"https:\/\/educacion.utp.edu.co\/maestria-en-historia\/wp-json\/wp\/v2\/posts\/251\/revisions\/10006"}],"wp:featuredmedia":[{"embeddable":true,"href":"https:\/\/educacion.utp.edu.co\/maestria-en-historia\/wp-json\/wp\/v2\/media\/10003"}],"wp:attachment":[{"href":"https:\/\/educacion.utp.edu.co\/maestria-en-historia\/wp-json\/wp\/v2\/media?parent=251"}],"wp:term":[{"taxonomy":"category","embeddable":true,"href":"https:\/\/educacion.utp.edu.co\/maestria-en-historia\/wp-json\/wp\/v2\/categories?post=251"},{"taxonomy":"post_tag","embeddable":true,"href":"https:\/\/educacion.utp.edu.co\/maestria-en-historia\/wp-json\/wp\/v2\/tags?post=251"}],"curies":[{"name":"wp","href":"https:\/\/api.w.org\/{rel}","templated":true}]}}