{"id":10682,"date":"2025-09-22T15:00:54","date_gmt":"2025-09-22T20:00:54","guid":{"rendered":"https:\/\/educacion.utp.edu.co\/maestria-en-infancia\/?p=10682"},"modified":"2025-09-22T15:05:32","modified_gmt":"2025-09-22T20:05:32","slug":"xviii-jornada-pensar-la-infanciasustentacion-publica-de-tesis-de-maestria-en-infancia","status":"publish","type":"post","link":"https:\/\/educacion.utp.edu.co\/maestria-en-infancia\/eventos-maestria-en-infancia\/xviii-jornada-pensar-la-infanciasustentacion-publica-de-tesis-de-maestria-en-infancia\/","title":{"rendered":"Maestr\u00eda en Infancia invita a su XVIII Jornada \u201cPensar la Infancia\u201d"},"content":{"rendered":"\n<div class=\"wp-block-group is-vertical is-layout-flex wp-container-core-group-is-layout-8cf370e7 wp-block-group-is-layout-flex\">\n<p class=\"has-large-font-size\"><strong>XVIII Jornada \u201cPensar la Infancia\u201d<\/strong><\/p>\n\n\n\n<p class=\"has-medium-font-size\"><strong>Sustentaci\u00f3n p\u00fablica de tesis de Maestr\u00eda en Infancia<\/strong><\/p>\n<\/div>\n\n\n\n<p><span class=\"post-content__span\"> La\u00a0<strong>Maestr\u00eda en Infancia\u00a0<\/strong>invita a toda la comunidad acad\u00e9mica a la\u00a0<strong>XVIII Jornada \u00abPensar la Infancia\u00bb,<\/strong>\u00a0un evento virtual donde se presentar\u00e1 lasustentaci\u00f3n de la\u00a0<strong>tesis\u00a0<em>\u00abFamilia y callejizaci\u00f3n: narrativas sobre familia y su influencia en la infancia en situaci\u00f3n de vida en calle\u00bb.<\/em><\/strong><\/p>\n\n\n\n<p><span class=\"post-content__span\"> <br>Esta tesis, presentada por las aspirantes a Magister en Infancia, Paula Andrea Arango Vargas y \u00c1ngela Ver\u00f3nica Rivas Betancourt,<strong>profundiza en las experiencias de adultos que vivieron su infancia en situaci\u00f3n de calle en la ciudad de Pereira.<\/strong>A trav\u00e9s de entrevistas narrativas, las autoras interpretan las concepciones de familia y su influencia en estas trayectorias de vida,destacando c\u00f3mo los v\u00ednculos familiares act\u00faan como factores protectores o de riesgo y la importancia de las redes de apoyo.<\/p>\n\n\n\n<p><span class=\"post-content__span\"> <br>El estudio invita a reflexionar sobre la relaci\u00f3n entre la familia y la infancia en situaci\u00f3n de calle, reconociendo a estos ni\u00f1os y ni\u00f1as como sujetos activos que construyen su identidad y sentido de vida, incluso en medio de la adversidad.<\/p>\n\n\n\n<p><span class=\"post-content__span\"> <strong><a href=\"https:\/\/forms.gle\/jvbz12NDmsxY7bVE6\" target=\"_blank\" rel=\"noreferrer noopener\">Para registrarse, haga CLIC AQU\u00cd<\/a><\/strong><br><em><strong>Antes del evento usted recibir\u00e1 en su correo electr\u00f3nico un mensaje con el enlace de conexi\u00f3n<\/strong><\/em><\/p>\n\n\n\n<figure class=\"wp-block-image size-full\"><img loading=\"lazy\" decoding=\"async\" width=\"810\" height=\"1013\" src=\"https:\/\/media2.utp.edu.co\/programas\/50\/pensal-la-infancia-18.png\" alt=\"\" class=\"wp-image-10684\" \/><\/figure>\n","protected":false},"excerpt":{"rendered":"<p>XVIII Jornada \u201cPensar la Infancia\u201d Sustentaci\u00f3n p\u00fablica de tesis de Maestr\u00eda en Infancia La\u00a0Maestr\u00eda en Infancia\u00a0invita a toda la comunidad acad\u00e9mica a la\u00a0XVIII Jornada \u00abPensar la Infancia\u00bb,\u00a0un evento virtual donde [&#8230;]<\/p>\n","protected":false},"author":89,"featured_media":0,"comment_status":"closed","ping_status":"closed","sticky":false,"template":"","format":"standard","meta":{"footnotes":""},"categories":[2,25],"tags":[],"class_list":["post-10682","post","type-post","status-publish","format-standard","hentry","category-eventos-maestria-en-infancia","category-noticias-de-interes"],"_links":{"self":[{"href":"https:\/\/educacion.utp.edu.co\/maestria-en-infancia\/wp-json\/wp\/v2\/posts\/10682","targetHints":{"allow":["GET"]}}],"collection":[{"href":"https:\/\/educacion.utp.edu.co\/maestria-en-infancia\/wp-json\/wp\/v2\/posts"}],"about":[{"href":"https:\/\/educacion.utp.edu.co\/maestria-en-infancia\/wp-json\/wp\/v2\/types\/post"}],"author":[{"embeddable":true,"href":"https:\/\/educacion.utp.edu.co\/maestria-en-infancia\/wp-json\/wp\/v2\/users\/89"}],"replies":[{"embeddable":true,"href":"https:\/\/educacion.utp.edu.co\/maestria-en-infancia\/wp-json\/wp\/v2\/comments?post=10682"}],"version-history":[{"count":6,"href":"https:\/\/educacion.utp.edu.co\/maestria-en-infancia\/wp-json\/wp\/v2\/posts\/10682\/revisions"}],"predecessor-version":[{"id":10691,"href":"https:\/\/educacion.utp.edu.co\/maestria-en-infancia\/wp-json\/wp\/v2\/posts\/10682\/revisions\/10691"}],"wp:attachment":[{"href":"https:\/\/educacion.utp.edu.co\/maestria-en-infancia\/wp-json\/wp\/v2\/media?parent=10682"}],"wp:term":[{"taxonomy":"category","embeddable":true,"href":"https:\/\/educacion.utp.edu.co\/maestria-en-infancia\/wp-json\/wp\/v2\/categories?post=10682"},{"taxonomy":"post_tag","embeddable":true,"href":"https:\/\/educacion.utp.edu.co\/maestria-en-infancia\/wp-json\/wp\/v2\/tags?post=10682"}],"curies":[{"name":"wp","href":"https:\/\/api.w.org\/{rel}","templated":true}]}}