{"id":13,"date":"2017-05-22T08:31:34","date_gmt":"2017-05-22T13:31:34","guid":{"rendered":"https:\/\/educacion.utp.edu.co\/infancia\/2017\/05\/22\/objetivos\/"},"modified":"2024-06-12T12:59:01","modified_gmt":"2024-06-12T17:59:01","slug":"objetivos-y-resultados-de-aprendizaje","status":"publish","type":"post","link":"https:\/\/educacion.utp.edu.co\/maestria-en-infancia\/sin-categoria\/objetivos-y-resultados-de-aprendizaje\/","title":{"rendered":"Objetivos y Resultados de Aprendizaje"},"content":{"rendered":"\n<figure class=\"wp-block-image size-full\"><img loading=\"lazy\" decoding=\"async\" width=\"2000\" height=\"300\" src=\"https:\/\/media2.utp.edu.co\/programas\/50\/image.png\" alt=\"\" class=\"wp-image-10523\" \/><\/figure>\n\n\n\n<p class=\"has-text-align-lefth has-x-large-font-size\" style=\"font-size:42px;font-weight:900;font-family: 'Segoe UI', Tahoma, Geneva, Verdana, sans-serif;text-align: lefth;color: #0197b1\">OBJETIVOS<\/p>\n\n\n\n<p class=\"has-medium-font-size\">El programa de Maestr\u00eda en Infancia, tiene como objetivo fortalecer la investigaci\u00f3n, la generaci\u00f3n de conocimiento pertinente y la formaci\u00f3n de un mag\u00edster que interprete, indague, analice, intervenga y construya saber sobre la infancia desde diversos discursos, saberes y disciplinas, as\u00ed como comprender las realidades de las infancias desde su diversos contextos contempor\u00e1neos, contribuyendo a generar espacios de reflexi\u00f3n y el dise\u00f1o de propuestas con incidencia en el contexto local, regional, nacional e internacional.<\/p>\n\n\n\n<p class=\"has-text-align-lefth has-x-large-font-size\" style=\"font-size:42px;font-weight:900;font-family: 'Segoe UI', Tahoma, Geneva, Verdana, sans-serif;text-align: lefth;color: #0197b1\">RESULTADOS DE APRENDIZAJE<\/p>\n\n\n\n<p class=\"has-medium-font-size\">La formaci\u00f3n que recibir\u00e1 el magister en infancia le permitir\u00e1:<\/p>\n\n\n\n<ul class=\"wp-block-list\">\n<li class=\"has-medium-font-size\">Analizar, problematizar e interpelar las condiciones y estructuras hist\u00f3ricas, econ\u00f3micas, sociales, pol\u00edticas, educativas, pedag\u00f3gicas y culturales presentes en los discursos y pr\u00e1cticas sociales que inciden en las realidades y vivencias de la infancia regional para elaborar alternativas de acci\u00f3n y pensamiento.<\/li>\n\n\n\n<li class=\"has-medium-font-size\">Conceptualizar y teorizar sobre la multiplicidad y heterogeneidad de problemas asociados a la infancia contempor\u00e1nea, generando conocimiento de car\u00e1cter regional y nacional sobre las pr\u00e1cticas, discursos y actores\/sujetos de socializaci\u00f3n, formaci\u00f3n y educaci\u00f3n, en diferentes contextos sociales y culturales.<\/li>\n\n\n\n<li class=\"has-medium-font-size\">Formular proyectos de investigaci\u00f3n e intervenci\u00f3n sobre la infancia desde los campos de la educaci\u00f3n, la pedagog\u00eda y la did\u00e1ctica que tomen en cuenta las distintas tradiciones y enfoques de las ciencias sociales y humanas.<\/li>\n\n\n\n<li class=\"has-medium-font-size\">Impactar las pr\u00e1cticas de la vida cotidiana de las instituciones, escenarios, territorios y espacios socio-culturales relacionados con la infancia, mediante procesos de intervenci\u00f3n orientados hacia diferentes criterios.<\/li>\n\n\n\n<li class=\"has-medium-font-size\">Construir una comprensi\u00f3n sobre la relaci\u00f3n entre el desarrollo infantil, la educaci\u00f3n y la cultura, que le permitir\u00e1 dise\u00f1ar, implementar y evaluar situaciones pedag\u00f3gicas apropiadas para favorecer el aprendizaje de los ni\u00f1os entre 0 y 6 a\u00f1os en diversos contextos de ense\u00f1anza inherentes al Marco de la pol\u00edtica p\u00fablica de Atenci\u00f3n Integral a la primera infancia, la educaci\u00f3n infantil, la educaci\u00f3n preescolar y la educaci\u00f3n b\u00e1sica primaria.<\/li>\n<\/ul>\n\n\n\n<p class=\"has-medium-font-size\">El estudiante egresado tendr\u00e1 toda la formaci\u00f3n y competencias para desempe\u00f1arse como:<\/p>\n\n\n\n<ul class=\"wp-block-list\">\n<li class=\"has-medium-font-size\">Docente en el nivel de educaci\u00f3n infantil, educaci\u00f3n preescolar y b\u00e1sica primaria.<\/li>\n\n\n\n<li class=\"has-medium-font-size\">Coordinador pedag\u00f3gico o acad\u00e9mico en los programas de educaci\u00f3n nivel en los diversos niveles del sistema educativo.<\/li>\n\n\n\n<li class=\"has-medium-font-size\">Investigador.<\/li>\n\n\n\n<li class=\"has-medium-font-size\">Profesor universitario.<\/li>\n\n\n\n<li class=\"has-medium-font-size\">Asesor pedag\u00f3gico en primera infancia, educaci\u00f3n infantil y b\u00e1sica primaria.<\/li>\n\n\n\n<li class=\"has-medium-font-size\">Animador sociocultural y promotor de lectura y formaci\u00f3n art\u00edstica.<\/li>\n\n\n\n<li class=\"has-medium-font-size\">Gestor de proyectos.<\/li>\n\n\n\n<li class=\"has-medium-font-size\">Creador de contenidos y materiales dirigidos a la infancia.<\/li>\n<\/ul>\n","protected":false},"excerpt":{"rendered":"<p>OBJETIVOS El programa de Maestr\u00eda en Infancia, tiene como objetivo fortalecer la investigaci\u00f3n, la generaci\u00f3n de conocimiento pertinente y la formaci\u00f3n de un mag\u00edster que interprete, indague, analice, intervenga y [&#8230;]<\/p>\n","protected":false},"author":62,"featured_media":0,"comment_status":"closed","ping_status":"closed","sticky":false,"template":"","format":"standard","meta":{"footnotes":""},"categories":[1],"tags":[],"class_list":["post-13","post","type-post","status-publish","format-standard","hentry","category-sin-categoria"],"_links":{"self":[{"href":"https:\/\/educacion.utp.edu.co\/maestria-en-infancia\/wp-json\/wp\/v2\/posts\/13","targetHints":{"allow":["GET"]}}],"collection":[{"href":"https:\/\/educacion.utp.edu.co\/maestria-en-infancia\/wp-json\/wp\/v2\/posts"}],"about":[{"href":"https:\/\/educacion.utp.edu.co\/maestria-en-infancia\/wp-json\/wp\/v2\/types\/post"}],"author":[{"embeddable":true,"href":"https:\/\/educacion.utp.edu.co\/maestria-en-infancia\/wp-json\/wp\/v2\/users\/62"}],"replies":[{"embeddable":true,"href":"https:\/\/educacion.utp.edu.co\/maestria-en-infancia\/wp-json\/wp\/v2\/comments?post=13"}],"version-history":[{"count":6,"href":"https:\/\/educacion.utp.edu.co\/maestria-en-infancia\/wp-json\/wp\/v2\/posts\/13\/revisions"}],"predecessor-version":[{"id":10525,"href":"https:\/\/educacion.utp.edu.co\/maestria-en-infancia\/wp-json\/wp\/v2\/posts\/13\/revisions\/10525"}],"wp:attachment":[{"href":"https:\/\/educacion.utp.edu.co\/maestria-en-infancia\/wp-json\/wp\/v2\/media?parent=13"}],"wp:term":[{"taxonomy":"category","embeddable":true,"href":"https:\/\/educacion.utp.edu.co\/maestria-en-infancia\/wp-json\/wp\/v2\/categories?post=13"},{"taxonomy":"post_tag","embeddable":true,"href":"https:\/\/educacion.utp.edu.co\/maestria-en-infancia\/wp-json\/wp\/v2\/tags?post=13"}],"curies":[{"name":"wp","href":"https:\/\/api.w.org\/{rel}","templated":true}]}}