{"id":16,"date":"2017-05-22T08:41:47","date_gmt":"2017-05-22T13:41:47","guid":{"rendered":"https:\/\/educacion.utp.edu.co\/infancia\/2017\/05\/22\/requisitos-de-admision\/"},"modified":"2024-06-12T13:02:13","modified_gmt":"2024-06-12T18:02:13","slug":"requisitos-de-admision","status":"publish","type":"post","link":"https:\/\/educacion.utp.edu.co\/maestria-en-infancia\/sin-categoria\/requisitos-de-admision\/","title":{"rendered":"Requisitos de admisi\u00f3n"},"content":{"rendered":"\n<figure class=\"wp-block-image size-full\"><img loading=\"lazy\" decoding=\"async\" width=\"2000\" height=\"300\" src=\"https:\/\/media2.utp.edu.co\/programas\/50\/requisitos-de-admision-3.jpg\" alt=\"\" class=\"wp-image-10526\" \/><\/figure>\n\n\n\n<p class=\"has-medium-font-size\">Inscripci\u00f3n en el portal de admisiones de la Universidad Tecnol\u00f3gica de Pereira y entrevista con el comit\u00e9 curricular ( temas: expectativas de formaci\u00f3n, motivaci\u00f3n para ingresar al programa y tema inicial y general de tesis de maestr\u00eda en el marco de las l\u00edneas de investigaci\u00f3n).<\/p>\n","protected":false},"excerpt":{"rendered":"<p>Inscripci\u00f3n en el portal de admisiones de la Universidad Tecnol\u00f3gica de Pereira y entrevista con el comit\u00e9 curricular ( temas: expectativas de formaci\u00f3n, motivaci\u00f3n para ingresar al programa y tema [&#8230;]<\/p>\n","protected":false},"author":1,"featured_media":0,"comment_status":"closed","ping_status":"closed","sticky":false,"template":"","format":"standard","meta":{"footnotes":""},"categories":[1],"tags":[],"class_list":["post-16","post","type-post","status-publish","format-standard","hentry","category-sin-categoria"],"_links":{"self":[{"href":"https:\/\/educacion.utp.edu.co\/maestria-en-infancia\/wp-json\/wp\/v2\/posts\/16","targetHints":{"allow":["GET"]}}],"collection":[{"href":"https:\/\/educacion.utp.edu.co\/maestria-en-infancia\/wp-json\/wp\/v2\/posts"}],"about":[{"href":"https:\/\/educacion.utp.edu.co\/maestria-en-infancia\/wp-json\/wp\/v2\/types\/post"}],"author":[{"embeddable":true,"href":"https:\/\/educacion.utp.edu.co\/maestria-en-infancia\/wp-json\/wp\/v2\/users\/1"}],"replies":[{"embeddable":true,"href":"https:\/\/educacion.utp.edu.co\/maestria-en-infancia\/wp-json\/wp\/v2\/comments?post=16"}],"version-history":[{"count":4,"href":"https:\/\/educacion.utp.edu.co\/maestria-en-infancia\/wp-json\/wp\/v2\/posts\/16\/revisions"}],"predecessor-version":[{"id":10527,"href":"https:\/\/educacion.utp.edu.co\/maestria-en-infancia\/wp-json\/wp\/v2\/posts\/16\/revisions\/10527"}],"wp:attachment":[{"href":"https:\/\/educacion.utp.edu.co\/maestria-en-infancia\/wp-json\/wp\/v2\/media?parent=16"}],"wp:term":[{"taxonomy":"category","embeddable":true,"href":"https:\/\/educacion.utp.edu.co\/maestria-en-infancia\/wp-json\/wp\/v2\/categories?post=16"},{"taxonomy":"post_tag","embeddable":true,"href":"https:\/\/educacion.utp.edu.co\/maestria-en-infancia\/wp-json\/wp\/v2\/tags?post=16"}],"curies":[{"name":"wp","href":"https:\/\/api.w.org\/{rel}","templated":true}]}}