{"id":27,"date":"2018-04-30T12:20:27","date_gmt":"2018-04-30T17:20:27","guid":{"rendered":"https:\/\/educacion.utp.edu.co\/infancia\/2018\/04\/30\/descuentos-y-financiacion\/"},"modified":"2024-06-12T13:06:01","modified_gmt":"2024-06-12T18:06:01","slug":"perfil-de-formacion","status":"publish","type":"post","link":"https:\/\/educacion.utp.edu.co\/maestria-en-infancia\/sin-categoria\/perfil-de-formacion\/","title":{"rendered":"Perfil de Formaci\u00f3n"},"content":{"rendered":"\n<figure class=\"wp-block-image size-full\"><img loading=\"lazy\" decoding=\"async\" width=\"2000\" height=\"300\" src=\"https:\/\/media2.utp.edu.co\/programas\/50\/perfil-de-formacion-4.jpg\" alt=\"\" class=\"wp-image-10530\" \/><\/figure>\n\n\n\n<p class=\"has-medium-font-size\">El programa est\u00e1 <strong>dirigido a<\/strong> <strong>profesionales de las ciencias sociales y humanas<\/strong>, <strong>de las ciencias de la salud, las ciencias de la educaci\u00f3n,<\/strong> que sean din\u00e1micos y creativos, con intereses acad\u00e9micos y cient\u00edficos de alta calidad, que quieran aportar a la educaci\u00f3n y la formaci\u00f3n de la infancia de la sociedad para construir un mejor pa\u00eds.<\/p>\n","protected":false},"excerpt":{"rendered":"<p>El programa est\u00e1 dirigido a profesionales de las ciencias sociales y humanas, de las ciencias de la salud, las ciencias de la educaci\u00f3n, que sean din\u00e1micos y creativos, con intereses [&#8230;]<\/p>\n","protected":false},"author":62,"featured_media":0,"comment_status":"closed","ping_status":"closed","sticky":false,"template":"","format":"standard","meta":{"footnotes":""},"categories":[1],"tags":[],"class_list":["post-27","post","type-post","status-publish","format-standard","hentry","category-sin-categoria"],"_links":{"self":[{"href":"https:\/\/educacion.utp.edu.co\/maestria-en-infancia\/wp-json\/wp\/v2\/posts\/27","targetHints":{"allow":["GET"]}}],"collection":[{"href":"https:\/\/educacion.utp.edu.co\/maestria-en-infancia\/wp-json\/wp\/v2\/posts"}],"about":[{"href":"https:\/\/educacion.utp.edu.co\/maestria-en-infancia\/wp-json\/wp\/v2\/types\/post"}],"author":[{"embeddable":true,"href":"https:\/\/educacion.utp.edu.co\/maestria-en-infancia\/wp-json\/wp\/v2\/users\/62"}],"replies":[{"embeddable":true,"href":"https:\/\/educacion.utp.edu.co\/maestria-en-infancia\/wp-json\/wp\/v2\/comments?post=27"}],"version-history":[{"count":4,"href":"https:\/\/educacion.utp.edu.co\/maestria-en-infancia\/wp-json\/wp\/v2\/posts\/27\/revisions"}],"predecessor-version":[{"id":10532,"href":"https:\/\/educacion.utp.edu.co\/maestria-en-infancia\/wp-json\/wp\/v2\/posts\/27\/revisions\/10532"}],"wp:attachment":[{"href":"https:\/\/educacion.utp.edu.co\/maestria-en-infancia\/wp-json\/wp\/v2\/media?parent=27"}],"wp:term":[{"taxonomy":"category","embeddable":true,"href":"https:\/\/educacion.utp.edu.co\/maestria-en-infancia\/wp-json\/wp\/v2\/categories?post=27"},{"taxonomy":"post_tag","embeddable":true,"href":"https:\/\/educacion.utp.edu.co\/maestria-en-infancia\/wp-json\/wp\/v2\/tags?post=27"}],"curies":[{"name":"wp","href":"https:\/\/api.w.org\/{rel}","templated":true}]}}