{"id":28,"date":"2018-04-30T12:25:46","date_gmt":"2018-04-30T17:25:46","guid":{"rendered":"https:\/\/educacion.utp.edu.co\/infancia\/2018\/04\/30\/lineas-de-investigacion\/"},"modified":"2025-05-08T16:03:52","modified_gmt":"2025-05-08T21:03:52","slug":"lineas-de-investigacion","status":"publish","type":"post","link":"https:\/\/educacion.utp.edu.co\/maestria-en-infancia\/sin-categoria\/lineas-de-investigacion\/","title":{"rendered":"L\u00edneas de Investigaci\u00f3n"},"content":{"rendered":"\n<figure class=\"wp-block-image size-full\"><img loading=\"lazy\" decoding=\"async\" width=\"2000\" height=\"300\" src=\"https:\/\/media2.utp.edu.co\/programas\/50\/linea-de-investigacion-3.jpg\" alt=\"\" class=\"wp-image-10533\" \/><\/figure>\n\n\n\n<p class=\"has-medium-font-size\">I. Infancia y procesos institucionales de educaci\u00f3n<\/p>\n\n\n\n<p class=\"has-medium-font-size\">1. Relaci\u00f3n con el saber y an\u00e1lisis de pr\u00e1cticas institucionales.<\/p>\n\n\n\n<p class=\"has-medium-font-size\">a. Educaci\u00f3n infantil: Primera infancia y preescolar<\/p>\n\n\n\n<p class=\"has-medium-font-size\">b. Educaci\u00f3n b\u00e1sica primaria<\/p>\n\n\n\n<p class=\"has-medium-font-size\">II. Saberes y educaci\u00f3n en la infancia<\/p>\n\n\n\n<p class=\"has-medium-font-size\">1. En la educaci\u00f3n inicial<\/p>\n\n\n\n<p class=\"has-medium-font-size\">2. En la escuela<\/p>\n\n\n\n<p class=\"has-medium-font-size\">III. Infancia, educaci\u00f3n y construcci\u00f3n de sentido<\/p>\n\n\n\n<p class=\"has-medium-font-size\">1. Etnograf\u00edas de la infancia como sujeto social<\/p>\n\n\n\n<p class=\"has-medium-font-size\">2. La infancia como agente social<\/p>\n\n\n\n<p class=\"has-medium-font-size\">3. La infancia como sujeto de los medios de comunicaci\u00f3n<\/p>\n","protected":false},"excerpt":{"rendered":"<p>La Maestr\u00eda en Infancia de la Universidad Tecnol\u00f3gica de Pereira dispone de las siguientes l\u00edneas de investigaci\u00f3n .<\/p>\n<p>!Ingresa para m\u00e1s informaci\u00f3n\u00a1<\/p>\n","protected":false},"author":1,"featured_media":10511,"comment_status":"closed","ping_status":"closed","sticky":false,"template":"","format":"standard","meta":{"footnotes":""},"categories":[1],"tags":[6],"class_list":["post-28","post","type-post","status-publish","format-standard","has-post-thumbnail","hentry","category-sin-categoria","tag-testimonios"],"_links":{"self":[{"href":"https:\/\/educacion.utp.edu.co\/maestria-en-infancia\/wp-json\/wp\/v2\/posts\/28","targetHints":{"allow":["GET"]}}],"collection":[{"href":"https:\/\/educacion.utp.edu.co\/maestria-en-infancia\/wp-json\/wp\/v2\/posts"}],"about":[{"href":"https:\/\/educacion.utp.edu.co\/maestria-en-infancia\/wp-json\/wp\/v2\/types\/post"}],"author":[{"embeddable":true,"href":"https:\/\/educacion.utp.edu.co\/maestria-en-infancia\/wp-json\/wp\/v2\/users\/1"}],"replies":[{"embeddable":true,"href":"https:\/\/educacion.utp.edu.co\/maestria-en-infancia\/wp-json\/wp\/v2\/comments?post=28"}],"version-history":[{"count":7,"href":"https:\/\/educacion.utp.edu.co\/maestria-en-infancia\/wp-json\/wp\/v2\/posts\/28\/revisions"}],"predecessor-version":[{"id":10535,"href":"https:\/\/educacion.utp.edu.co\/maestria-en-infancia\/wp-json\/wp\/v2\/posts\/28\/revisions\/10535"}],"wp:featuredmedia":[{"embeddable":true,"href":"https:\/\/educacion.utp.edu.co\/maestria-en-infancia\/wp-json\/wp\/v2\/media\/10511"}],"wp:attachment":[{"href":"https:\/\/educacion.utp.edu.co\/maestria-en-infancia\/wp-json\/wp\/v2\/media?parent=28"}],"wp:term":[{"taxonomy":"category","embeddable":true,"href":"https:\/\/educacion.utp.edu.co\/maestria-en-infancia\/wp-json\/wp\/v2\/categories?post=28"},{"taxonomy":"post_tag","embeddable":true,"href":"https:\/\/educacion.utp.edu.co\/maestria-en-infancia\/wp-json\/wp\/v2\/tags?post=28"}],"curies":[{"name":"wp","href":"https:\/\/api.w.org\/{rel}","templated":true}]}}