{"id":32,"date":"2018-04-30T12:41:35","date_gmt":"2018-04-30T17:41:35","guid":{"rendered":"https:\/\/educacion.utp.edu.co\/infancia\/2018\/04\/30\/resultados-de-aprendizaje\/"},"modified":"2024-02-08T08:50:16","modified_gmt":"2024-02-08T13:50:16","slug":"docentes-del-programa","status":"publish","type":"post","link":"https:\/\/educacion.utp.edu.co\/maestria-en-infancia\/sin-categoria\/docentes-del-programa\/","title":{"rendered":"Docentes del Programa"},"content":{"rendered":"\n<h2 class=\"wp-block-heading\"><em>DOCENTES DE PLANTA<\/em><\/h2>\n\n\n\n<figure class=\"wp-block-table is-style-stripes\"><table><thead><tr><th>DOCENTE<\/th><th>DECRIPCI\u00d3N<\/th><th>CVLAC<\/th><\/tr><\/thead><tbody><tr><td>Mar\u00eda Victoria Alzate Piedrahita mvictoria@utp.edu.co<\/td><td>Postdoctorado en did\u00e1ctica de las ciencias sociales e historia de la educaci\u00f3n y pedagog\u00eda Doctorado en educaci\u00f3n. Maestr\u00eda en Psicodi\u00e1ctica Maestr\u00eda en educaci\u00f3n especial. \u00c1rea: dificultades del aprendizaje. Licenciada en Educaci\u00f3n preescolar.<\/td><td><a href=\"http:\/\/http:\/\/scienti.colciencias.gov.co:8081\/cvlac\/visualizador\/generarCurriculoCv.do?cod_rh=0000244287\">CVLAC<\/a> &nbsp;<\/td><\/tr><tr><td>Gerardo Tamayo Buitrago<\/td><td>Doctorado en ciencias sociales ni\u00f1ez y juventud. Maestr\u00eda En Comunicaci\u00f3n Educativa. Licenciatura en Ciencias Del Deporte y La Recreaci\u00f3n.<\/td><td><a href=\"http:\/\/scienti.colciencias.gov.co:8081\/cvlac\/visualizador\/generarCurriculoCv.do?cod_rh=0000378933\">CVLAC<\/a><\/td><\/tr><tr><td>Cecilia Luca Escobar Vekeman<\/td><td>Doctorado en Ciencias Sociales, enfasis en antropolog\u00eda. Maestr\u00eda en Antropolog\u00eda. Licenciatura en Ciencias Sociales. Antropolog\u00eda.<\/td><td><a href=\"http:\/\/scienti.colciencias.gov.co:8081\/cvlac\/visualizador\/generarCurriculoCv.do?cod_rh=0000393215\">CVLAC<\/a><\/td><\/tr><tr><td>Elizabeth Martinez<\/td><td>Maestr\u00eda en Desarrollo Infantil. Licenciatura En Pedagog\u00eda Infantil.<\/td><td><a href=\"http:\/\/scienti.colciencias.gov.co:8081\/cvlac\/visualizador\/generarCurriculoCv.do?cod_rh=0000452971\">CVLAC<\/a><\/td><\/tr><tr><td>Mar\u00eda Teresa Zapata Saldarriaga<\/td><td>Maestr\u00eda en Docencia Universitaria. Licenciatura en Pedagog\u00eda y Administraci\u00f3n Educativa.<\/td><td><a href=\"http:\/\/scienti.colciencias.gov.co:8081\/cvlac\/visualizador\/generarCurriculoCv.do?cod_rh=0000340391\">CVLAC<\/a><\/td><\/tr><tr><td>Hernan Gil Ramirez<\/td><td>Doctorado&nbsp;en Procesos de Formaci\u00f3n En Espacios.<br>Maestr\u00eda en Comunicaci\u00f3n Educativa. Especializaci\u00f3n&nbsp;en Computaci\u00f3n Para La Docencia. Econom\u00eda.<\/td><td><a href=\"http:\/\/scienti.colciencias.gov.co:8081\/cvlac\/visualizador\/generarCurriculoCv.do?cod_rh=0000292028\">CVLAC<\/a><\/td><\/tr><\/tbody><\/table><\/figure>\n\n\n\n<h2 class=\"wp-block-heading\">DOCENTES DE C\u00c1TEDRA<\/h2>\n\n\n\n<figure class=\"wp-block-table is-style-stripes table\"><table><thead><tr><th>DOCENTE<\/th><th>DEDICACI\u00d3N<\/th><th>CVLAC<\/th><\/tr><\/thead><tbody><tr><td>Luisa Fernanda Duque Gomez<\/td><td>Maestr\u00eda en Educaci\u00f3n. Licenciatura en pedagog\u00eda infantil.<\/td><td><a href=\"http:\/\/scienti.colciencias.gov.co:8081\/cvlac\/visualizador\/generarCurriculoCv.do?cod_rh=0001376953\">CVLAC<\/a><\/td><\/tr><tr><td>Mar\u00eda Teresa Suarez Vacca<\/td><td>Maestr\u00eda en Educaci\u00f3n. Especializacion En Recreacion y Deporte Participativo. Licenciado en Educacion Preescolar.<\/td><td><a href=\"http:\/\/scienti.colciencias.gov.co:8081\/cvlac\/visualizador\/generarCurriculoCv.do?cod_rh=0001406285\">CVLAC<\/a><\/td><\/tr><tr><td>Patricia Granada Echeverri<\/td><td>Postdoctorado Ciencias Sociales Ni\u00f1ez y Juventud. Doctorado En Ciencias Sociales Ni\u00f1ez y Juventud. Maestr\u00eda En Comunicaci\u00f3n Educativa. Maestr\u00eda En Desarrollo Educativo y Social. Doctora en Medicina y Cirugia<\/td><td><a href=\"http:\/\/scienti.colciencias.gov.co:8081\/cvlac\/visualizador\/generarCurriculoCv.do?cod_rh=0000477184\">CVLAC<\/a><\/td><\/tr><tr><td>Humberto Quiceno Castrill\u00f3n<\/td><td>Doctorado En Filosof\u00eda y Ciencias de La Educaci\u00f3n Licenciatura en Espa\u00f1ol y Literatura<\/td><td><a href=\"http:\/\/scienti.colciencias.gov.co:8081\/cvlac\/visualizador\/generarCurriculoCv.do?cod_rh=0000037796\">CVLAC<\/a><\/td><\/tr><tr><td>Javier Alfredo Fayad Sierra<\/td><td>Doctorado en Educacion Maestria en Historia Especializacion en \u00c9tica y Derechos Humanos Licenciatura en Educaci\u00f3n<\/td><td><a href=\"http:\/\/scienti.colciencias.gov.co:8081\/cvlac\/visualizador\/generarCurriculoCv.do?cod_rh=0000320730\">CVLAC<\/a><\/td><\/tr><\/tbody><\/table><\/figure>\n","protected":false},"excerpt":{"rendered":"<p>DOCENTES DE PLANTA DOCENTE DECRIPCI\u00d3N CVLAC Mar\u00eda Victoria Alzate Piedrahita mvictoria@utp.edu.co Postdoctorado en did\u00e1ctica de las ciencias sociales e historia de la educaci\u00f3n y pedagog\u00eda Doctorado en educaci\u00f3n. Maestr\u00eda en [&#8230;]<\/p>\n","protected":false},"author":62,"featured_media":0,"comment_status":"closed","ping_status":"closed","sticky":false,"template":"","format":"standard","meta":{"footnotes":""},"categories":[1],"tags":[],"class_list":["post-32","post","type-post","status-publish","format-standard","hentry","category-sin-categoria"],"_links":{"self":[{"href":"https:\/\/educacion.utp.edu.co\/maestria-en-infancia\/wp-json\/wp\/v2\/posts\/32","targetHints":{"allow":["GET"]}}],"collection":[{"href":"https:\/\/educacion.utp.edu.co\/maestria-en-infancia\/wp-json\/wp\/v2\/posts"}],"about":[{"href":"https:\/\/educacion.utp.edu.co\/maestria-en-infancia\/wp-json\/wp\/v2\/types\/post"}],"author":[{"embeddable":true,"href":"https:\/\/educacion.utp.edu.co\/maestria-en-infancia\/wp-json\/wp\/v2\/users\/62"}],"replies":[{"embeddable":true,"href":"https:\/\/educacion.utp.edu.co\/maestria-en-infancia\/wp-json\/wp\/v2\/comments?post=32"}],"version-history":[{"count":2,"href":"https:\/\/educacion.utp.edu.co\/maestria-en-infancia\/wp-json\/wp\/v2\/posts\/32\/revisions"}],"predecessor-version":[{"id":10393,"href":"https:\/\/educacion.utp.edu.co\/maestria-en-infancia\/wp-json\/wp\/v2\/posts\/32\/revisions\/10393"}],"wp:attachment":[{"href":"https:\/\/educacion.utp.edu.co\/maestria-en-infancia\/wp-json\/wp\/v2\/media?parent=32"}],"wp:term":[{"taxonomy":"category","embeddable":true,"href":"https:\/\/educacion.utp.edu.co\/maestria-en-infancia\/wp-json\/wp\/v2\/categories?post=32"},{"taxonomy":"post_tag","embeddable":true,"href":"https:\/\/educacion.utp.edu.co\/maestria-en-infancia\/wp-json\/wp\/v2\/tags?post=32"}],"curies":[{"name":"wp","href":"https:\/\/api.w.org\/{rel}","templated":true}]}}