{"id":35,"date":"2018-05-04T08:31:40","date_gmt":"2018-05-04T13:31:40","guid":{"rendered":"https:\/\/educacion.utp.edu.co\/infancia\/2018\/05\/04\/historia\/"},"modified":"2025-05-08T17:13:28","modified_gmt":"2025-05-08T22:13:28","slug":"presentacion-general-del-programa","status":"publish","type":"post","link":"https:\/\/educacion.utp.edu.co\/maestria-en-infancia\/noticias-de-interes\/presentacion-general-del-programa\/","title":{"rendered":"Presentaci\u00f3n General del Programa"},"content":{"rendered":"\n<figure class=\"wp-block-image size-full\"><img loading=\"lazy\" decoding=\"async\" width=\"2000\" height=\"300\" src=\"https:\/\/media2.utp.edu.co\/programas\/50\/Presentacion-del-programa-3.jpg\" alt=\"\" class=\"wp-image-10517\" \/><\/figure>\n\n\n\n<div class=\"wp-block-media-text is-stacked-on-mobile\" style=\"grid-template-columns:40% auto\"><figure class=\"wp-block-media-text__media\"><img loading=\"lazy\" decoding=\"async\" width=\"500\" height=\"500\" src=\"https:\/\/media2.utp.edu.co\/programas\/50\/3.-Logo-oficial-Maestria-Infancia.png\" alt=\"\" class=\"wp-image-10619 size-full\" \/><\/figure><div class=\"wp-block-media-text__content\">\n<p class=\"has-medium-font-size\">El programa de Maestr\u00eda en Infancia de la Universidad Tecnol\u00f3gica de Pereira, se apoya en la trayectoria acad\u00e9mica y de investigaci\u00f3n de veinte (20) a\u00f1os del programa en Pedagog\u00eda Infantil, en los cuales se ha construido una tradici\u00f3n acad\u00e9mica reconocida a nivel nacional, lo que ha permitido que el programa tenga un posicionamiento y reconocimiento en la formaci\u00f3n en el Departamento de Risaralda y la regi\u00f3n.\u200b<\/p>\n<\/div><\/div>\n\n\n\n<p class=\"has-text-align-left has-medium-font-size\">Igualmente, esta maestr\u00eda se concibe en el contexto de la experiencia de la Facultad de Educaci\u00f3n, a trav\u00e9s de los programas de extensi\u00f3n del programa de pol\u00edtica p\u00fablica de infancia llamado \u201cDe cero a siempre, en el marco de la atenci\u00f3n integral\u201d del gobierno y estado colombiano. Tambi\u00e9n, se apoya en la n\u00f3mina de profesores de planta, cuya formaci\u00f3n doctoral y experiencia docente e investigativa en el campo de la educaci\u00f3n infantil, es una garant\u00eda de calidad del programa.<\/p>\n\n\n\n<p class=\"has-text-align-center has-x-large-font-size\" style=\"font-size:42px;font-weight:900;font-family: 'Segoe UI', Tahoma, Geneva, Verdana, sans-serif;text-align: center;color: #0197b1\">HISTORIA<\/p>\n\n\n\n<p class=\"has-medium-font-size\">El programa de Maestr\u00eda en Infancia de la Universidad Tecnol\u00f3gica de Pereira inici\u00f3 sus labores acad\u00e9micas el d\u00eda 8 de septiembre de 2017, con la apertura de la primera cohorte del programa. En la actualidad se encuentra en proceso de consolidaci\u00f3n de su octava cohorte.<\/p>\n\n\n\n<p class=\"has-text-align-center has-x-large-font-size\" style=\"font-size:42px;font-weight:900;font-family: 'Segoe UI', Tahoma, Geneva, Verdana, sans-serif;text-align: center;color: #0197b1\">MISI\u00d3N<\/p>\n\n\n\n<p class=\"has-medium-font-size\">La Maestr\u00eda en Infancia tiene como misi\u00f3n, contribuir en el desarrollo de las habilidades que requieren los profesionales de las diferentes \u00e1reas, para desempe\u00f1arse en entornos y ambientes de desarrollo de la infancia, y para la implementaci\u00f3n de propuestas que apunten a la generaci\u00f3n de espacios de reflexi\u00f3n y el dise\u00f1o de propuestas con incidencia en el contexto local, regional, nacional e internacional.<\/p>\n\n\n\n<p class=\"has-text-align-center has-x-large-font-size\" style=\"font-size:42px;font-weight:900;font-family: 'Segoe UI', Tahoma, Geneva, Verdana, sans-serif;text-align: center;color: #0197b1\">VISI\u00d3N<\/p>\n\n\n\n<p class=\"has-medium-font-size\">La Maestr\u00eda en Infancia tiene como visi\u00f3n, ser un programa comprometido con la investigaci\u00f3n e innovaci\u00f3n en relaci\u00f3n con las pr\u00e1cticas y problem\u00e1ticas asociadas con la actualidad de la infancia en el pa\u00eds y que impacten en el contexto local, regional, nacional e internacional.<\/p>\n","protected":false},"excerpt":{"rendered":"<p>La Maestr\u00eda en Infancia busca desarrollar habilidades en profesionales de diversas \u00e1reas para intervenir en entornos relacionados con la infancia&#8230;<\/p>\n","protected":false},"author":1,"featured_media":10510,"comment_status":"closed","ping_status":"closed","sticky":false,"template":"","format":"standard","meta":{"footnotes":""},"categories":[25],"tags":[6],"class_list":["post-35","post","type-post","status-publish","format-standard","has-post-thumbnail","hentry","category-noticias-de-interes","tag-testimonios"],"_links":{"self":[{"href":"https:\/\/educacion.utp.edu.co\/maestria-en-infancia\/wp-json\/wp\/v2\/posts\/35","targetHints":{"allow":["GET"]}}],"collection":[{"href":"https:\/\/educacion.utp.edu.co\/maestria-en-infancia\/wp-json\/wp\/v2\/posts"}],"about":[{"href":"https:\/\/educacion.utp.edu.co\/maestria-en-infancia\/wp-json\/wp\/v2\/types\/post"}],"author":[{"embeddable":true,"href":"https:\/\/educacion.utp.edu.co\/maestria-en-infancia\/wp-json\/wp\/v2\/users\/1"}],"replies":[{"embeddable":true,"href":"https:\/\/educacion.utp.edu.co\/maestria-en-infancia\/wp-json\/wp\/v2\/comments?post=35"}],"version-history":[{"count":27,"href":"https:\/\/educacion.utp.edu.co\/maestria-en-infancia\/wp-json\/wp\/v2\/posts\/35\/revisions"}],"predecessor-version":[{"id":10641,"href":"https:\/\/educacion.utp.edu.co\/maestria-en-infancia\/wp-json\/wp\/v2\/posts\/35\/revisions\/10641"}],"wp:featuredmedia":[{"embeddable":true,"href":"https:\/\/educacion.utp.edu.co\/maestria-en-infancia\/wp-json\/wp\/v2\/media\/10510"}],"wp:attachment":[{"href":"https:\/\/educacion.utp.edu.co\/maestria-en-infancia\/wp-json\/wp\/v2\/media?parent=35"}],"wp:term":[{"taxonomy":"category","embeddable":true,"href":"https:\/\/educacion.utp.edu.co\/maestria-en-infancia\/wp-json\/wp\/v2\/categories?post=35"},{"taxonomy":"post_tag","embeddable":true,"href":"https:\/\/educacion.utp.edu.co\/maestria-en-infancia\/wp-json\/wp\/v2\/tags?post=35"}],"curies":[{"name":"wp","href":"https:\/\/api.w.org\/{rel}","templated":true}]}}