{"id":10415,"date":"2024-09-05T09:04:58","date_gmt":"2024-09-05T14:04:58","guid":{"rendered":"https:\/\/educacion.utp.edu.co\/maestria-en-linguistica\/?p=10415"},"modified":"2024-09-05T09:08:47","modified_gmt":"2024-09-05T14:08:47","slug":"inscripciones-abiertas-para-la-maestria-en-linguistica-de-la-utp","status":"publish","type":"post","link":"https:\/\/educacion.utp.edu.co\/maestria-en-linguistica\/noticias-de-interes\/inscripciones-abiertas-para-la-maestria-en-linguistica-de-la-utp\/","title":{"rendered":"Inscripciones abiertas para la Maestr\u00eda en Ling\u00fc\u00edstica de la UTP"},"content":{"rendered":"\n<p><span class=\"post-content__span\"> \u00bfTe interesa el estudio del lenguaje, sus estructuras y su impacto en la sociedad? La Maestr\u00eda en Ling\u00fc\u00edstica de la Universidad Tecnol\u00f3gica de Pereira tiene inscripciones abiertas hasta el 30 de octubre de 2024.<\/p>\n\n\n\n<p><span class=\"post-content__span\"> La Maestr\u00eda en Ling\u00fc\u00edstica es un programa de formaci\u00f3n posgradual que tiene como prop\u00f3sito la formaci\u00f3n de profesionales en el campo de la lengua y el lenguaje, desde un enfoque pedag\u00f3gico y did\u00e1ctico, pensado en el marco de la ling\u00fc\u00edstica aplicada a la educaci\u00f3n en todos sus niveles. Alrededor de las competencias disciplinares y las habilidades cognitivas que debe tener el futuro Mag\u00edster, se enfatiza en di\u00e1logos te\u00f3ricos y transversales relacionados con: <\/p>\n\n\n\n<ul class=\"wp-block-list\">\n<li>La pragm\u00e1tica naturalista, cuyo sustrato te\u00f3rico, relativos a los actos de habla, se vincula con temas como la diversidad, el reconocimiento de las lenguas minorizadas en grupos culturalmente diversos.<\/li>\n\n\n\n<li>El an\u00e1lisis del discurso (A.C) y el an\u00e1lisis cr\u00edtico del discurso (A.C.D) aplicados a variedad de discursos y contextos de enunciaci\u00f3n.<\/li>\n\n\n\n<li>La teor\u00eda psicoling\u00fc\u00edstica como aporte fundamental a la reflexi\u00f3n sobre procesos de oralidad y escritura en el aprendizaje de m\u00faltiples saberes; y, la reflexi\u00f3n a partir de la filosof\u00eda del lenguaje como escenario te\u00f3rico que permite sospechar y reflexionar sobre el lenguaje y la lengua en uso y aspectos relativos a la humanidad: c\u00f3mo expresan sus inquietudes y c\u00f3mo se establecen equilibrios entre los sectores sociales que pretenden el control de otros, fundament\u00e1ndose en el uso del lenguaje.<\/li>\n<\/ul>\n\n\n\n<figure class=\"wp-block-image size-full\"><img loading=\"lazy\" decoding=\"async\" width=\"1414\" height=\"2000\" src=\"https:\/\/media2.utp.edu.co\/programas\/51\/maestria-en-linguistica.jpg\" alt=\"\" class=\"wp-image-10416\" \/><\/figure>\n","protected":false},"excerpt":{"rendered":"<p>\u00bfTe interesa el estudio del lenguaje, sus estructuras y su impacto en la sociedad? La Maestr\u00eda en Ling\u00fc\u00edstica de la Universidad Tecnol\u00f3gica de Pereira tiene inscripciones abiertas hasta el 30 [&#8230;]<\/p>\n","protected":false},"author":62,"featured_media":10417,"comment_status":"closed","ping_status":"closed","sticky":false,"template":"","format":"standard","meta":{"footnotes":""},"categories":[25],"tags":[],"class_list":["post-10415","post","type-post","status-publish","format-standard","has-post-thumbnail","hentry","category-noticias-de-interes"],"_links":{"self":[{"href":"https:\/\/educacion.utp.edu.co\/maestria-en-linguistica\/wp-json\/wp\/v2\/posts\/10415","targetHints":{"allow":["GET"]}}],"collection":[{"href":"https:\/\/educacion.utp.edu.co\/maestria-en-linguistica\/wp-json\/wp\/v2\/posts"}],"about":[{"href":"https:\/\/educacion.utp.edu.co\/maestria-en-linguistica\/wp-json\/wp\/v2\/types\/post"}],"author":[{"embeddable":true,"href":"https:\/\/educacion.utp.edu.co\/maestria-en-linguistica\/wp-json\/wp\/v2\/users\/62"}],"replies":[{"embeddable":true,"href":"https:\/\/educacion.utp.edu.co\/maestria-en-linguistica\/wp-json\/wp\/v2\/comments?post=10415"}],"version-history":[{"count":2,"href":"https:\/\/educacion.utp.edu.co\/maestria-en-linguistica\/wp-json\/wp\/v2\/posts\/10415\/revisions"}],"predecessor-version":[{"id":10419,"href":"https:\/\/educacion.utp.edu.co\/maestria-en-linguistica\/wp-json\/wp\/v2\/posts\/10415\/revisions\/10419"}],"wp:featuredmedia":[{"embeddable":true,"href":"https:\/\/educacion.utp.edu.co\/maestria-en-linguistica\/wp-json\/wp\/v2\/media\/10417"}],"wp:attachment":[{"href":"https:\/\/educacion.utp.edu.co\/maestria-en-linguistica\/wp-json\/wp\/v2\/media?parent=10415"}],"wp:term":[{"taxonomy":"category","embeddable":true,"href":"https:\/\/educacion.utp.edu.co\/maestria-en-linguistica\/wp-json\/wp\/v2\/categories?post=10415"},{"taxonomy":"post_tag","embeddable":true,"href":"https:\/\/educacion.utp.edu.co\/maestria-en-linguistica\/wp-json\/wp\/v2\/tags?post=10415"}],"curies":[{"name":"wp","href":"https:\/\/api.w.org\/{rel}","templated":true}]}}