{"id":6,"date":"2018-04-23T15:57:24","date_gmt":"2018-04-23T20:57:24","guid":{"rendered":"https:\/\/educacion.utp.edu.co\/linguistica\/2018\/04\/23\/historia\/"},"modified":"2024-06-12T08:46:22","modified_gmt":"2024-06-12T13:46:22","slug":"presentacion-general-del-programa","status":"publish","type":"post","link":"https:\/\/educacion.utp.edu.co\/maestria-en-linguistica\/noticias-de-interes\/presentacion-general-del-programa\/","title":{"rendered":"Presentaci\u00f3n General del Programa"},"content":{"rendered":"\n<figure class=\"wp-block-image size-full\"><img loading=\"lazy\" decoding=\"async\" width=\"2000\" height=\"300\" src=\"https:\/\/media2.utp.edu.co\/programas\/51\/Presentacion-del-programa.jpg\" alt=\"\" class=\"wp-image-10361\" \/><\/figure>\n\n\n\n<p class=\"has-text-align-center has-x-large-font-size\" style=\"font-size:42px;font-weight:900;font-family: 'Segoe UI', Tahoma, Geneva, Verdana, sans-serif;text-align: center;color: #0197b1\">HISTORIA<\/p>\n\n\n\n<p class=\"has-medium-font-size\">La Maestr\u00eda en Ling\u00fc\u00edstica de la Universidad Tecnol\u00f3gica de Pereira obtuvo Registro Calificado expedido por el Ministerio de Educaci\u00f3n Nacional el d\u00eda 28 de mayo de 2005 y fue incorporada al Sistema Nacional de Informaci\u00f3n de la Educaci\u00f3n Superior \u2013SNIES- el 12 de octubre de 2006 mediante la resoluci\u00f3n 6205.<\/p>\n\n\n\n<p class=\"has-medium-font-size\"> Inici\u00f3 labores en el a\u00f1o 2007 y desde entonces le ha aportado a la sociedad V cohortes de investigadores en las Ciencias del Lenguaje, quienes han contribuido en el reconocimiento del medio sociocultural y el mejoramiento del trabajo docente. <\/p>\n\n\n\n<p class=\"has-medium-font-size\">Este programa se ha consolidado como un espacio abierto que propicia la reflexi\u00f3n sobre la educaci\u00f3n, la lengua, la cognici\u00f3n social, la actividad discursiva, las formas de vida, los juegos de lenguaje, la construcci\u00f3n de sentidos y, en general, los hechos ordinarios y cotidianos que se dan alrededor de la comunicaci\u00f3n entre actores en sus contextos educativos.<\/p>\n\n\n\n<p class=\"has-text-align-center has-x-large-font-size\" style=\"font-size:42px;font-weight:900;font-family: 'Segoe UI', Tahoma, Geneva, Verdana, sans-serif;text-align: center;color: #0197b1\">MISI\u00d3N<\/p>\n\n\n\n<p class=\"has-medium-font-size\">En concordancia con el Proyecto Educativo Institucional, la Maestr\u00eda en Ling\u00fc\u00edstica contempla en su misi\u00f3n \u201cCoadyuvar en la formaci\u00f3n de profesionales id\u00f3neos en las \u00e1reas del lenguaje en un nivel avanzado, capaces de investigar, describir y explicar diferentes fen\u00f3menos ling\u00fc\u00edsticos relevantes, para contribuir a los procesos del medio social.<\/p>\n\n\n\n<p class=\"has-text-align-center has-x-large-font-size\" style=\"font-size:42px;font-weight:900;font-family: 'Segoe UI', Tahoma, Geneva, Verdana, sans-serif;text-align: center;color: #0197b1\">VISI\u00d3N<\/p>\n\n\n\n<p class=\"has-medium-font-size\">La\u00a0Maestr\u00eda en Ling\u00fc\u00edstica\u00a0estar\u00e1 posicionada e integrada al sistema educativo e investigativo del lenguaje a nivel regional, nacional e internacional.<\/p>\n","protected":false},"excerpt":{"rendered":"<p>La Maestr\u00eda en Ling\u00fc\u00edstica tiene la misi\u00f3n de coadyuvar en la formaci\u00f3n de profesionales id\u00f3neos en las \u00e1reas del lenguaje en un nivel avanzado, capaces de investigar, describir y explicar diferentes fen\u00f3menos ling\u00fc\u00edsticos relevantes, para contribui a los procesos del medio social.<\/p>\n","protected":false},"author":62,"featured_media":10356,"comment_status":"closed","ping_status":"closed","sticky":false,"template":"","format":"standard","meta":{"footnotes":""},"categories":[25],"tags":[7],"class_list":["post-6","post","type-post","status-publish","format-standard","has-post-thumbnail","hentry","category-noticias-de-interes","tag-testimonios"],"_links":{"self":[{"href":"https:\/\/educacion.utp.edu.co\/maestria-en-linguistica\/wp-json\/wp\/v2\/posts\/6","targetHints":{"allow":["GET"]}}],"collection":[{"href":"https:\/\/educacion.utp.edu.co\/maestria-en-linguistica\/wp-json\/wp\/v2\/posts"}],"about":[{"href":"https:\/\/educacion.utp.edu.co\/maestria-en-linguistica\/wp-json\/wp\/v2\/types\/post"}],"author":[{"embeddable":true,"href":"https:\/\/educacion.utp.edu.co\/maestria-en-linguistica\/wp-json\/wp\/v2\/users\/62"}],"replies":[{"embeddable":true,"href":"https:\/\/educacion.utp.edu.co\/maestria-en-linguistica\/wp-json\/wp\/v2\/comments?post=6"}],"version-history":[{"count":9,"href":"https:\/\/educacion.utp.edu.co\/maestria-en-linguistica\/wp-json\/wp\/v2\/posts\/6\/revisions"}],"predecessor-version":[{"id":10363,"href":"https:\/\/educacion.utp.edu.co\/maestria-en-linguistica\/wp-json\/wp\/v2\/posts\/6\/revisions\/10363"}],"wp:featuredmedia":[{"embeddable":true,"href":"https:\/\/educacion.utp.edu.co\/maestria-en-linguistica\/wp-json\/wp\/v2\/media\/10356"}],"wp:attachment":[{"href":"https:\/\/educacion.utp.edu.co\/maestria-en-linguistica\/wp-json\/wp\/v2\/media?parent=6"}],"wp:term":[{"taxonomy":"category","embeddable":true,"href":"https:\/\/educacion.utp.edu.co\/maestria-en-linguistica\/wp-json\/wp\/v2\/categories?post=6"},{"taxonomy":"post_tag","embeddable":true,"href":"https:\/\/educacion.utp.edu.co\/maestria-en-linguistica\/wp-json\/wp\/v2\/tags?post=6"}],"curies":[{"name":"wp","href":"https:\/\/api.w.org\/{rel}","templated":true}]}}